{"id":9689,"date":"2026-08-31T10:50:20","date_gmt":"2026-08-31T13:50:20","guid":{"rendered":"https:\/\/deolhonosocial.com.br\/?p=9689"},"modified":"2026-08-31T10:50:21","modified_gmt":"2026-08-31T13:50:21","slug":"1o-circuito-pata-leva-mensagem-de-cuidado-e-valorizacao-dos-animais-em-aparecida","status":"publish","type":"post","link":"https:\/\/deolhonosocial.com.br\/index.php\/2026\/08\/31\/1o-circuito-pata-leva-mensagem-de-cuidado-e-valorizacao-dos-animais-em-aparecida\/","title":{"rendered":"1\u00ba Circuito PATA leva mensagem de cuidado e valoriza\u00e7\u00e3o dos animais em Aparecida"},"content":{"rendered":"<!-- VideographyWP Plugin Message: Automatic video embedding prevented by plugin options. -->\n\n<p class=\"wp-block-paragraph\">Programa\u00e7\u00e3o in\u00e9dita ligada a programa permanente de defesa dos animais criado pela gest\u00e3o Vilela reuniu milhares de participantes neste s\u00e1bado (29)<\/p>\n\n\n\n<p class=\"wp-block-paragraph\">Mais de 1 mil pessoas se engajaram neste s\u00e1bado (29) com a Prefeitura de Aparecida, por meio da Secretaria de Meio Ambiente e Sustentabilidade, no 1\u00ba Circuito PATA &#8211; Caminhada e Corrida em Defesa dos Animais. No trajeto, o p\u00fablico lotou ruas do setor Pontal Sul e regi\u00e3o num fim de tarde animado, passando um tempo de qualidade com seus pets. Os participantes se socializaram e levaram a mensagem de respeito, valoriza\u00e7\u00e3o e cuidado com os animais, sejam eles os de casa, c\u00e3es e gatos comunit\u00e1rios e ou que esperam ado\u00e7\u00e3o e um novo lar.<\/p>\n\n\n\n<p class=\"wp-block-paragraph\">Evento uniu corrida de rua, caminhada com os pets, ado\u00e7\u00e3o respons\u00e1vel e vacina\u00e7\u00e3o, sendo um combo de esporte, lazer, conscientiza\u00e7\u00e3o e solidariedade. Todos os tutores inscritos receberam kit corrida e caminhada.<\/p>\n\n\n\n<p class=\"wp-block-paragraph\">As a\u00e7\u00f5es de ado\u00e7\u00e3o e de vacina\u00e7\u00e3o antecederam a caminhada.<\/p>\n\n\n\n<p class=\"wp-block-paragraph\">Apoiador e respons\u00e1vel por instituir permanentemente o Programa de Aten\u00e7\u00e3o e Tratamento Animal (PATA), o prefeito Leandro Vilela deu o exemplo e trouxe para o passeio sua cachorrinha Milli, junto com Cidinha, a mascote oficial do PATA. Ele ressaltou que o evento ocorreu gra\u00e7as \u00e0 mobiliza\u00e7\u00e3o tamb\u00e9m do setor produtivo, por meio de empresas apoiadoras, e teve car\u00e1ter solid\u00e1rio. Isto porque arrecadou ra\u00e7\u00f5es para destin\u00e1-las a institui\u00e7\u00f5es e protetores independentes que atuam no cuidado de animais em Aparecida.<\/p>\n\n\n\n<p class=\"wp-block-paragraph\">\u201c\u00c9 preciso cuidar, \u00e9 preciso estimular, \u00e9 preciso apoiar os animais. E pode ter certeza: n\u00f3s vamos cuidar deles ainda mais\u201d, completou Vilela ao lado da primeira-dama Lana Bezerra, idealizadora do PATA e do circuito realizado hoje, o primeiro do tipo na hist\u00f3ria de Aparecida. Ela avaliou que a programa\u00e7\u00e3o superou as expectativas. E enfatizou: \u201c\u00e9 um evento de est\u00edmulo a uma vida saud\u00e1vel, mas sobretudo ao cuidado com os animais, \u00e0 aten\u00e7\u00e3o para com eles. \u00c9 o primeiro de muitos, j\u00e1 fazendo valer essa mudan\u00e7a de mentalidade na nossa cidade\u201d, adiantou Lana.<\/p>\n\n\n\n<p class=\"wp-block-paragraph\">Para Pollyana Borges, secret\u00e1ria municipal de Meio Ambiente, este 1\u00ba Circuito PATA se confirmou como um grande encontro de mobiliza\u00e7\u00e3o e conscientiza\u00e7\u00e3o pela causa animal. \u201c\u00c9 um momento importante, que precisa ser comemorado por despertar na cidade essa cultura de cuidado e defesa dos animais\u201d, afirmou Pollyana.<\/p>\n\n\n\n<p class=\"wp-block-paragraph\">Fam\u00edlias reunidas com os pets<\/p>\n\n\n\n<p class=\"wp-block-paragraph\">Moradora do setor Jardim Maria In\u00eas, a costureira Maria Cristina de Freitas, de 49 anos, compareceu com a cadelinha da fam\u00edlia, Belinha. Ela elogiou a iniciativa do evento e avaliou que \u201ca iniciativa do Circuito PATA foi super interessante. Estou super adorando\u201d, ressaltou ela.<\/p>\n\n\n\n<p class=\"wp-block-paragraph\">Foi o que observou tamb\u00e9m o policial militar Luiz Mauro, de 58 anos, que mora no bairro Parque Trindade. Ao lado da esposa e da filha, ele aprovou a estrutura do evento, inclusive da vacina\u00e7\u00e3o, onde imunizou suas cachorrinhas Jade e Pitucha. \u201c\u00c9 bom porque envolve toda a comunidade para estimular esse cuidado e valoriza\u00e7\u00e3o dos animais.\u201d<\/p>\n\n\n\n<p class=\"wp-block-paragraph\">O 1\u00ba Circuito PATA de Aparecida teve patroc\u00ednio da Sallo, CINQ Intelig\u00eancia Urbana, Provenda Ecossistema, Cristal Alimentos, Meu Sonho de Festa, Finotrato, 3 Amores Supermercado e Tropical Urbanismo e Incorpora\u00e7\u00e3o.<\/p>\n\n\n\n<p class=\"wp-block-paragraph\">Entregas do PATA para Aparecida<\/p>\n\n\n\n<p class=\"wp-block-paragraph\">Criado pela gest\u00e3o do prefeito Leandro Vilela h\u00e1 pouco mais de 12 meses, o PATA, atrav\u00e9s do Centro de Castra\u00e7\u00e3o, j\u00e1 castrou gratuitamente mais de 6,7 mil c\u00e3es e gatos e viabilizou a ado\u00e7\u00e3o de 670 animais, contribuindo para o bem-estar animal e o controle populacional no munic\u00edpio. O programa tamb\u00e9m distribui coleiras reflexivas destinadas a animais comunit\u00e1rios, numa medida para proteg\u00ea-los de atropelamentos e estimular a ado\u00e7\u00e3o. Al\u00e9m disso, realiza campanhas de vacina\u00e7\u00e3o de pets.<\/p>\n","protected":false},"excerpt":{"rendered":"<p>Programa\u00e7\u00e3o in\u00e9dita ligada a programa permanente de defesa dos animais criado pela gest\u00e3o Vilela reuniu milhares de participantes neste s\u00e1bado (29) Mais de 1 mil pessoas se engajaram neste s\u00e1bado (29) com a Prefeitura de Aparecida, por meio da Secretaria de Meio Ambiente e Sustentabilidade, no 1\u00ba Circuito PATA &#8211; Caminhada e Corrida em Defesa dos Animais. No trajeto, o p\u00fablico lotou ruas do setor Pontal Sul e regi\u00e3o num fim de tarde animado, passando um tempo de qualidade com seus pets. Os participantes se socializaram e levaram a mensagem de respeito, valoriza\u00e7\u00e3o e cuidado com os animais, sejam eles os de casa, c\u00e3es e gatos comunit\u00e1rios e ou que esperam ado\u00e7\u00e3o e um novo lar. Evento uniu corrida de rua, caminhada com os pets, ado\u00e7\u00e3o respons\u00e1vel e vacina\u00e7\u00e3o, sendo um combo de esporte, lazer, conscientiza\u00e7\u00e3o e solidariedade. Todos os tutores inscritos receberam kit corrida e caminhada. As a\u00e7\u00f5es de ado\u00e7\u00e3o e de vacina\u00e7\u00e3o antecederam a caminhada. Apoiador e respons\u00e1vel por instituir permanentemente o Programa de Aten\u00e7\u00e3o e Tratamento Animal (PATA), o prefeito Leandro Vilela deu o exemplo e trouxe para o passeio sua cachorrinha Milli, junto com Cidinha, a mascote oficial do PATA. Ele ressaltou que o evento ocorreu gra\u00e7as \u00e0 mobiliza\u00e7\u00e3o tamb\u00e9m do setor produtivo, por meio de empresas apoiadoras, e teve car\u00e1ter solid\u00e1rio. Isto porque arrecadou ra\u00e7\u00f5es para destin\u00e1-las a institui\u00e7\u00f5es e protetores independentes que atuam no cuidado de animais em Aparecida. \u201c\u00c9 preciso cuidar, \u00e9 preciso estimular, \u00e9 preciso apoiar os animais. E pode ter certeza: n\u00f3s vamos cuidar deles ainda mais\u201d, completou Vilela ao lado da primeira-dama Lana Bezerra, idealizadora do PATA e do circuito realizado hoje, o primeiro do tipo na hist\u00f3ria de Aparecida. Ela avaliou que a programa\u00e7\u00e3o superou as expectativas. E enfatizou: \u201c\u00e9 um evento de est\u00edmulo a uma vida saud\u00e1vel, mas sobretudo ao cuidado com os animais, \u00e0 aten\u00e7\u00e3o para com eles. \u00c9 o primeiro de muitos, j\u00e1 fazendo valer essa mudan\u00e7a de mentalidade na nossa cidade\u201d, adiantou Lana. Para Pollyana Borges, secret\u00e1ria municipal de Meio Ambiente, este 1\u00ba Circuito PATA se confirmou como um grande encontro de mobiliza\u00e7\u00e3o e conscientiza\u00e7\u00e3o pela causa animal. \u201c\u00c9 um momento importante, que precisa ser comemorado por despertar na cidade essa cultura de cuidado e defesa dos animais\u201d, afirmou Pollyana. Fam\u00edlias reunidas com os pets Moradora do setor Jardim Maria In\u00eas, a costureira Maria Cristina de Freitas, de 49 anos, compareceu com a cadelinha da fam\u00edlia, Belinha. Ela elogiou a iniciativa do evento e avaliou que \u201ca iniciativa do Circuito PATA foi super interessante. Estou super adorando\u201d, ressaltou ela. Foi o que observou tamb\u00e9m o policial militar Luiz Mauro, de 58 anos, que mora no bairro Parque Trindade. Ao lado da esposa e da filha, ele aprovou a estrutura do evento, inclusive da vacina\u00e7\u00e3o, onde imunizou suas cachorrinhas Jade e Pitucha. \u201c\u00c9 bom porque envolve toda a comunidade para estimular esse cuidado e valoriza\u00e7\u00e3o dos animais.\u201d O 1\u00ba Circuito PATA de Aparecida teve patroc\u00ednio da Sallo, CINQ Intelig\u00eancia Urbana, Provenda Ecossistema, Cristal Alimentos, Meu Sonho de Festa, Finotrato, 3 Amores Supermercado e Tropical Urbanismo e Incorpora\u00e7\u00e3o. Entregas do PATA para Aparecida Criado pela gest\u00e3o do prefeito Leandro Vilela h\u00e1 pouco mais de 12 meses, o PATA, atrav\u00e9s do Centro de Castra\u00e7\u00e3o, j\u00e1 castrou gratuitamente mais de 6,7 mil c\u00e3es e gatos e viabilizou a ado\u00e7\u00e3o de 670 animais, contribuindo para o bem-estar animal e o controle populacional no munic\u00edpio. O programa tamb\u00e9m distribui coleiras reflexivas destinadas a animais comunit\u00e1rios, numa medida para proteg\u00ea-los de atropelamentos e estimular a ado\u00e7\u00e3o. Al\u00e9m disso, realiza campanhas de vacina\u00e7\u00e3o de pets.<\/p>\n","protected":false},"author":2,"featured_media":9690,"comment_status":"open","ping_status":"open","sticky":false,"template":"","format":"standard","meta":{"footnotes":""},"categories":[28],"tags":[],"class_list":["post-9689","post","type-post","status-publish","format-standard","has-post-thumbnail","hentry","category-jornal"],"_links":{"self":[{"href":"https:\/\/deolhonosocial.com.br\/index.php\/wp-json\/wp\/v2\/posts\/9689","targetHints":{"allow":["GET"]}}],"collection":[{"href":"https:\/\/deolhonosocial.com.br\/index.php\/wp-json\/wp\/v2\/posts"}],"about":[{"href":"https:\/\/deolhonosocial.com.br\/index.php\/wp-json\/wp\/v2\/types\/post"}],"author":[{"embeddable":true,"href":"https:\/\/deolhonosocial.com.br\/index.php\/wp-json\/wp\/v2\/users\/2"}],"replies":[{"embeddable":true,"href":"https:\/\/deolhonosocial.com.br\/index.php\/wp-json\/wp\/v2\/comments?post=9689"}],"version-history":[{"count":1,"href":"https:\/\/deolhonosocial.com.br\/index.php\/wp-json\/wp\/v2\/posts\/9689\/revisions"}],"predecessor-version":[{"id":9691,"href":"https:\/\/deolhonosocial.com.br\/index.php\/wp-json\/wp\/v2\/posts\/9689\/revisions\/9691"}],"wp:featuredmedia":[{"embeddable":true,"href":"https:\/\/deolhonosocial.com.br\/index.php\/wp-json\/wp\/v2\/media\/9690"}],"wp:attachment":[{"href":"https:\/\/deolhonosocial.com.br\/index.php\/wp-json\/wp\/v2\/media?parent=9689"}],"wp:term":[{"taxonomy":"category","embeddable":true,"href":"https:\/\/deolhonosocial.com.br\/index.php\/wp-json\/wp\/v2\/categories?post=9689"},{"taxonomy":"post_tag","embeddable":true,"href":"https:\/\/deolhonosocial.com.br\/index.php\/wp-json\/wp\/v2\/tags?post=9689"}],"curies":[{"name":"wp","href":"https:\/\/api.w.org\/{rel}","templated":true}]}}