{"id":9680,"date":"2026-08-31T10:47:40","date_gmt":"2026-08-31T13:47:40","guid":{"rendered":"https:\/\/deolhonosocial.com.br\/?p=9680"},"modified":"2026-08-31T10:47:40","modified_gmt":"2026-08-31T13:47:40","slug":"governo-de-goias-abre-inscricoes-para-curso-de-transformacao-digital-voltado-a-servidores-municipais","status":"publish","type":"post","link":"https:\/\/deolhonosocial.com.br\/index.php\/2026\/08\/31\/governo-de-goias-abre-inscricoes-para-curso-de-transformacao-digital-voltado-a-servidores-municipais\/","title":{"rendered":"Governo de Goi\u00e1s abre inscri\u00e7\u00f5es para curso de transforma\u00e7\u00e3o digital voltado a servidores municipais"},"content":{"rendered":"<!-- VideographyWP Plugin Message: Automatic video embedding prevented by plugin options. -->\n\n<p class=\"wp-block-paragraph\">Curso gratuito aborda uso de dados, intelig\u00eancia artificial e inova\u00e7\u00e3o na gest\u00e3o p\u00fablica; inscri\u00e7\u00f5es podem ser feitas at\u00e9 6 de setembro<\/p>\n\n\n\n<p class=\"wp-block-paragraph\">Servidores p\u00fablicos municipais de Goi\u00e1s podem se inscrever, at\u00e9 6 de setembro, para uma das 110 vagas do Projeto Educacional em Transforma\u00e7\u00e3o Digital. A forma\u00e7\u00e3o gratuita ter\u00e1 carga hor\u00e1ria de 36 horas e abordar\u00e1 uso estrat\u00e9gico de dados, intelig\u00eancia artificial generativa, lideran\u00e7a, inova\u00e7\u00e3o e melhoria de servi\u00e7os p\u00fablicos. A iniciativa \u00e9 da Secretaria de Estado de Ci\u00eancia, Tecnologia e Inova\u00e7\u00e3o (Secti), dentro do Programa e-Goi\u00e1s \u2013 Transforma\u00e7\u00e3o Digital dos Munic\u00edpios, e executada pelo Centro de Estudos e Sistemas Avan\u00e7ados do Recife (CESAR).<\/p>\n\n\n\n<p class=\"wp-block-paragraph\">O curso ter\u00e1 dura\u00e7\u00e3o de dois meses, em formato h\u00edbrido. A abertura ser\u00e1 presencial, em 22 de setembro, no Hub Goi\u00e1s, em Goi\u00e2nia, com seis horas de atividades. Os quatro ciclos seguintes ser\u00e3o realizados de forma on-line e s\u00edncrona, entre setembro e novembro, com encontros formativos e tutorias coletivas. A programa\u00e7\u00e3o inclui conte\u00fados sobre lideran\u00e7a e transforma\u00e7\u00e3o digital, gest\u00e3o orientada por dados, intelig\u00eancia artificial generativa e aplica\u00e7\u00e3o de ferramentas digitais na administra\u00e7\u00e3o p\u00fablica.<\/p>\n\n\n\n<p class=\"wp-block-paragraph\">Estudos de caso, exerc\u00edcios e desafios relacionados \u00e0 rotina dos munic\u00edpios tamb\u00e9m integram as atividades, combinando conte\u00fados te\u00f3ricos e pr\u00e1ticos. Entre os objetivos da forma\u00e7\u00e3o est\u00e3o ampliar o uso de dados na tomada de decis\u00f5es, apresentar possibilidades e limita\u00e7\u00f5es da intelig\u00eancia artificial no setor p\u00fablico e preparar os participantes para identificar oportunidades de aplica\u00e7\u00e3o de solu\u00e7\u00f5es digitais nos \u00f3rg\u00e3os municipais.<\/p>\n\n\n\n<p class=\"wp-block-paragraph\">Quem pode participar<br>As vagas s\u00e3o destinadas a servidores com v\u00ednculo ativo em \u00f3rg\u00e3os ou entidades da administra\u00e7\u00e3o p\u00fablica de munic\u00edpios integrantes da Rede Estadual de Transforma\u00e7\u00e3o Digital dos Munic\u00edpios Goianos. Para concorrer, \u00e9 necess\u00e1rio preencher o formul\u00e1rio eletr\u00f4nico e apresentar a documenta\u00e7\u00e3o prevista no edital, incluindo comprovante de v\u00ednculo com a administra\u00e7\u00e3o municipal e Carta de Anu\u00eancia da Chefia Imediata.<\/p>\n\n\n\n<p class=\"wp-block-paragraph\">O resultado preliminar da sele\u00e7\u00e3o ser\u00e1 divulgado em 10 de setembro e o resultado final, no dia 15. Os selecionados dever\u00e3o confirmar a participa\u00e7\u00e3o at\u00e9 16 de setembro. A participa\u00e7\u00e3o gera certificado para aqueles que tiverem frequ\u00eancia m\u00ednima de 75% e aproveitamento de pelo menos 70% nas atividades.<\/p>\n\n\n\n<p class=\"wp-block-paragraph\">Servi\u00e7o<br>Assunto: Projeto Educacional em Transforma\u00e7\u00e3o Digital<br>Vagas: 110<br>Inscri\u00e7\u00f5es: at\u00e9 6 de setembro de 2026<br>Edital e inscri\u00e7\u00f5es: https:\/\/www.cesar.school\/projeto-educacional-transformacao-digital\/<br>Carga hor\u00e1ria: 36 horas<br>Formato: h\u00edbrido<br>Abertura presencial: 22 de setembro de 2026<br>Local: Hub Goi\u00e1s \u2013 Rua 261, n\u00ba 384, Setor Leste Universit\u00e1rio, Goi\u00e2nia (GO)<\/p>\n\n\n\n<p class=\"wp-block-paragraph\">Fotos: Divulga\u00e7\u00e3o<\/p>\n\n\n\n<p class=\"wp-block-paragraph\">Legenda: Governo de Goi\u00e1s oferece curso gratuito para servidores municipais aprenderem sobre IA e gest\u00e3o orientada por dados no \u00e2mbito da administra\u00e7\u00e3o p\u00fablica<\/p>\n\n\n\n<p class=\"wp-block-paragraph\">Secretaria de Ci\u00eancia, Tecnologia e Inova\u00e7\u00e3o \u2013 Governo de Goi\u00e1s<\/p>\n","protected":false},"excerpt":{"rendered":"<p>Curso gratuito aborda uso de dados, intelig\u00eancia artificial e inova\u00e7\u00e3o na gest\u00e3o p\u00fablica; inscri\u00e7\u00f5es podem ser feitas at\u00e9 6 de setembro Servidores p\u00fablicos municipais de Goi\u00e1s podem se inscrever, at\u00e9 6 de setembro, para uma das 110 vagas do Projeto Educacional em Transforma\u00e7\u00e3o Digital. A forma\u00e7\u00e3o gratuita ter\u00e1 carga hor\u00e1ria de 36 horas e abordar\u00e1 uso estrat\u00e9gico de dados, intelig\u00eancia artificial generativa, lideran\u00e7a, inova\u00e7\u00e3o e melhoria de servi\u00e7os p\u00fablicos. A iniciativa \u00e9 da Secretaria de Estado de Ci\u00eancia, Tecnologia e Inova\u00e7\u00e3o (Secti), dentro do Programa e-Goi\u00e1s \u2013 Transforma\u00e7\u00e3o Digital dos Munic\u00edpios, e executada pelo Centro de Estudos e Sistemas Avan\u00e7ados do Recife (CESAR). O curso ter\u00e1 dura\u00e7\u00e3o de dois meses, em formato h\u00edbrido. A abertura ser\u00e1 presencial, em 22 de setembro, no Hub Goi\u00e1s, em Goi\u00e2nia, com seis horas de atividades. Os quatro ciclos seguintes ser\u00e3o realizados de forma on-line e s\u00edncrona, entre setembro e novembro, com encontros formativos e tutorias coletivas. A programa\u00e7\u00e3o inclui conte\u00fados sobre lideran\u00e7a e transforma\u00e7\u00e3o digital, gest\u00e3o orientada por dados, intelig\u00eancia artificial generativa e aplica\u00e7\u00e3o de ferramentas digitais na administra\u00e7\u00e3o p\u00fablica. Estudos de caso, exerc\u00edcios e desafios relacionados \u00e0 rotina dos munic\u00edpios tamb\u00e9m integram as atividades, combinando conte\u00fados te\u00f3ricos e pr\u00e1ticos. Entre os objetivos da forma\u00e7\u00e3o est\u00e3o ampliar o uso de dados na tomada de decis\u00f5es, apresentar possibilidades e limita\u00e7\u00f5es da intelig\u00eancia artificial no setor p\u00fablico e preparar os participantes para identificar oportunidades de aplica\u00e7\u00e3o de solu\u00e7\u00f5es digitais nos \u00f3rg\u00e3os municipais. Quem pode participarAs vagas s\u00e3o destinadas a servidores com v\u00ednculo ativo em \u00f3rg\u00e3os ou entidades da administra\u00e7\u00e3o p\u00fablica de munic\u00edpios integrantes da Rede Estadual de Transforma\u00e7\u00e3o Digital dos Munic\u00edpios Goianos. Para concorrer, \u00e9 necess\u00e1rio preencher o formul\u00e1rio eletr\u00f4nico e apresentar a documenta\u00e7\u00e3o prevista no edital, incluindo comprovante de v\u00ednculo com a administra\u00e7\u00e3o municipal e Carta de Anu\u00eancia da Chefia Imediata. O resultado preliminar da sele\u00e7\u00e3o ser\u00e1 divulgado em 10 de setembro e o resultado final, no dia 15. Os selecionados dever\u00e3o confirmar a participa\u00e7\u00e3o at\u00e9 16 de setembro. A participa\u00e7\u00e3o gera certificado para aqueles que tiverem frequ\u00eancia m\u00ednima de 75% e aproveitamento de pelo menos 70% nas atividades. Servi\u00e7oAssunto: Projeto Educacional em Transforma\u00e7\u00e3o DigitalVagas: 110Inscri\u00e7\u00f5es: at\u00e9 6 de setembro de 2026Edital e inscri\u00e7\u00f5es: https:\/\/www.cesar.school\/projeto-educacional-transformacao-digital\/Carga hor\u00e1ria: 36 horasFormato: h\u00edbridoAbertura presencial: 22 de setembro de 2026Local: Hub Goi\u00e1s \u2013 Rua 261, n\u00ba 384, Setor Leste Universit\u00e1rio, Goi\u00e2nia (GO) Fotos: Divulga\u00e7\u00e3o Legenda: Governo de Goi\u00e1s oferece curso gratuito para servidores municipais aprenderem sobre IA e gest\u00e3o orientada por dados no \u00e2mbito da administra\u00e7\u00e3o p\u00fablica Secretaria de Ci\u00eancia, Tecnologia e Inova\u00e7\u00e3o \u2013 Governo de Goi\u00e1s<\/p>\n","protected":false},"author":2,"featured_media":9681,"comment_status":"open","ping_status":"open","sticky":false,"template":"","format":"standard","meta":{"footnotes":""},"categories":[28],"tags":[],"class_list":["post-9680","post","type-post","status-publish","format-standard","has-post-thumbnail","hentry","category-jornal"],"_links":{"self":[{"href":"https:\/\/deolhonosocial.com.br\/index.php\/wp-json\/wp\/v2\/posts\/9680","targetHints":{"allow":["GET"]}}],"collection":[{"href":"https:\/\/deolhonosocial.com.br\/index.php\/wp-json\/wp\/v2\/posts"}],"about":[{"href":"https:\/\/deolhonosocial.com.br\/index.php\/wp-json\/wp\/v2\/types\/post"}],"author":[{"embeddable":true,"href":"https:\/\/deolhonosocial.com.br\/index.php\/wp-json\/wp\/v2\/users\/2"}],"replies":[{"embeddable":true,"href":"https:\/\/deolhonosocial.com.br\/index.php\/wp-json\/wp\/v2\/comments?post=9680"}],"version-history":[{"count":1,"href":"https:\/\/deolhonosocial.com.br\/index.php\/wp-json\/wp\/v2\/posts\/9680\/revisions"}],"predecessor-version":[{"id":9682,"href":"https:\/\/deolhonosocial.com.br\/index.php\/wp-json\/wp\/v2\/posts\/9680\/revisions\/9682"}],"wp:featuredmedia":[{"embeddable":true,"href":"https:\/\/deolhonosocial.com.br\/index.php\/wp-json\/wp\/v2\/media\/9681"}],"wp:attachment":[{"href":"https:\/\/deolhonosocial.com.br\/index.php\/wp-json\/wp\/v2\/media?parent=9680"}],"wp:term":[{"taxonomy":"category","embeddable":true,"href":"https:\/\/deolhonosocial.com.br\/index.php\/wp-json\/wp\/v2\/categories?post=9680"},{"taxonomy":"post_tag","embeddable":true,"href":"https:\/\/deolhonosocial.com.br\/index.php\/wp-json\/wp\/v2\/tags?post=9680"}],"curies":[{"name":"wp","href":"https:\/\/api.w.org\/{rel}","templated":true}]}}