{"id":9677,"date":"2026-08-31T10:46:41","date_gmt":"2026-08-31T13:46:41","guid":{"rendered":"https:\/\/deolhonosocial.com.br\/?p=9677"},"modified":"2026-08-31T10:46:41","modified_gmt":"2026-08-31T13:46:41","slug":"canto-da-primavera-kids-reune-60-jovens-talentos-em-pirenopolis","status":"publish","type":"post","link":"https:\/\/deolhonosocial.com.br\/index.php\/2026\/08\/31\/canto-da-primavera-kids-reune-60-jovens-talentos-em-pirenopolis\/","title":{"rendered":"Canto da Primavera Kids re\u00fane 60 jovens talentos em Piren\u00f3polis"},"content":{"rendered":"<!-- VideographyWP Plugin Message: Automatic video embedding prevented by plugin options. -->\n\n<p class=\"wp-block-paragraph\">Quinta edi\u00e7\u00e3o do festival recebeu 132 inscri\u00e7\u00f5es de diferentes regi\u00f5es do estado; apresenta\u00e7\u00f5es ser\u00e3o nos dias 5, 6 e 7 de setembro<\/p>\n\n\n\n<p class=\"wp-block-paragraph\">A m\u00fasica infantojuvenil ganha protagonismo na programa\u00e7\u00e3o cultural de Goi\u00e1s com a realiza\u00e7\u00e3o da 5\u00aa edi\u00e7\u00e3o do Canto da Primavera Kids. Promovido pela Secretaria de Estado da Cultura (Secult), em parceria com a Universidade Federal de Goi\u00e1s (UFG) e a Funda\u00e7\u00e3o R\u00e1dio e Televis\u00e3o Educativa e Cultural (Funda\u00e7\u00e3o RTVE), o festival reunir\u00e1 60 crian\u00e7as e adolescentes cantores, de 7 a 14 anos, selecionados entre 132 inscritos de diferentes regi\u00f5es do estado.<\/p>\n\n\n\n<p class=\"wp-block-paragraph\">As apresenta\u00e7\u00f5es ser\u00e3o realizadas de 5 a 7 de setembro, em Piren\u00f3polis. A programa\u00e7\u00e3o integra o calend\u00e1rio do Canto da Primavera e refor\u00e7a a proposta de ampliar o espa\u00e7o para a forma\u00e7\u00e3o, a express\u00e3o art\u00edstica e a descoberta de novos talentos desde a inf\u00e2ncia. Os selecionados passaram por curadoria t\u00e9cnica que avaliou crit\u00e9rios como afina\u00e7\u00e3o, qualidade vocal, interpreta\u00e7\u00e3o art\u00edstica e adequa\u00e7\u00e3o da m\u00fasica \u00e0 idade.<\/p>\n\n\n\n<p class=\"wp-block-paragraph\">Al\u00e9m da experi\u00eancia de subirem ao palco, os jovens artistas passar\u00e3o por um processo de forma\u00e7\u00e3o e imers\u00e3o musical. De 2 a 4 de setembro, participar\u00e3o de oficinas preparat\u00f3rias n\u00e3o eliminat\u00f3rias focadas em orienta\u00e7\u00e3o vocal, adapta\u00e7\u00e3o tonal e ensaios com a banda oficial do evento.<\/p>\n\n\n\n<p class=\"wp-block-paragraph\">Os 60 selecionados foram distribu\u00eddos em duas categorias: 30 vagas para crian\u00e7as de 7 a 10 anos e outras 30 para participantes de 11 a 14 anos. Foram estabelecidas cotas de vagas para moradores de Piren\u00f3polis, residentes do interior do estado e ampla concorr\u00eancia.<\/p>\n\n\n\n<p class=\"wp-block-paragraph\">Cada selecionado receber\u00e1, por interm\u00e9dio de seu respons\u00e1vel legal, aux\u00edlio financeiro de R$ 2,5 mil, destinado a contribuir com despesas de transporte, hospedagem, alimenta\u00e7\u00e3o e demais custos pessoais relacionados \u00e0 participa\u00e7\u00e3o no festival.<\/p>\n\n\n\n<p class=\"wp-block-paragraph\">As apresenta\u00e7\u00f5es p\u00fablicas ser\u00e3o distribu\u00eddas durante a programa\u00e7\u00e3o, com 20 cantores subindo ao palco por dia: s\u00e1bado (5\/9), domingo (6\/9) e segunda-feira (7\/9). As informa\u00e7\u00f5es sobre o festival podem ser acompanhadas pelos canais oficiais da Secretaria de Estado da Cultura e do Canto da Primavera.<\/p>\n\n\n\n<p class=\"wp-block-paragraph\">Fotos : Secult<\/p>\n\n\n\n<p class=\"wp-block-paragraph\">Legenda: Canto da Primavera Kids re\u00fane jovens talentos de diferentes regi\u00f5es de Goi\u00e1s em Piren\u00f3polis<\/p>\n\n\n\n<p class=\"wp-block-paragraph\">Secretaria da Cultura \u2013 Governo de Goi\u00e1s<\/p>\n","protected":false},"excerpt":{"rendered":"<p>Quinta edi\u00e7\u00e3o do festival recebeu 132 inscri\u00e7\u00f5es de diferentes regi\u00f5es do estado; apresenta\u00e7\u00f5es ser\u00e3o nos dias 5, 6 e 7 de setembro A m\u00fasica infantojuvenil ganha protagonismo na programa\u00e7\u00e3o cultural de Goi\u00e1s com a realiza\u00e7\u00e3o da 5\u00aa edi\u00e7\u00e3o do Canto da Primavera Kids. Promovido pela Secretaria de Estado da Cultura (Secult), em parceria com a Universidade Federal de Goi\u00e1s (UFG) e a Funda\u00e7\u00e3o R\u00e1dio e Televis\u00e3o Educativa e Cultural (Funda\u00e7\u00e3o RTVE), o festival reunir\u00e1 60 crian\u00e7as e adolescentes cantores, de 7 a 14 anos, selecionados entre 132 inscritos de diferentes regi\u00f5es do estado. As apresenta\u00e7\u00f5es ser\u00e3o realizadas de 5 a 7 de setembro, em Piren\u00f3polis. A programa\u00e7\u00e3o integra o calend\u00e1rio do Canto da Primavera e refor\u00e7a a proposta de ampliar o espa\u00e7o para a forma\u00e7\u00e3o, a express\u00e3o art\u00edstica e a descoberta de novos talentos desde a inf\u00e2ncia. Os selecionados passaram por curadoria t\u00e9cnica que avaliou crit\u00e9rios como afina\u00e7\u00e3o, qualidade vocal, interpreta\u00e7\u00e3o art\u00edstica e adequa\u00e7\u00e3o da m\u00fasica \u00e0 idade. Al\u00e9m da experi\u00eancia de subirem ao palco, os jovens artistas passar\u00e3o por um processo de forma\u00e7\u00e3o e imers\u00e3o musical. De 2 a 4 de setembro, participar\u00e3o de oficinas preparat\u00f3rias n\u00e3o eliminat\u00f3rias focadas em orienta\u00e7\u00e3o vocal, adapta\u00e7\u00e3o tonal e ensaios com a banda oficial do evento. Os 60 selecionados foram distribu\u00eddos em duas categorias: 30 vagas para crian\u00e7as de 7 a 10 anos e outras 30 para participantes de 11 a 14 anos. Foram estabelecidas cotas de vagas para moradores de Piren\u00f3polis, residentes do interior do estado e ampla concorr\u00eancia. Cada selecionado receber\u00e1, por interm\u00e9dio de seu respons\u00e1vel legal, aux\u00edlio financeiro de R$ 2,5 mil, destinado a contribuir com despesas de transporte, hospedagem, alimenta\u00e7\u00e3o e demais custos pessoais relacionados \u00e0 participa\u00e7\u00e3o no festival. As apresenta\u00e7\u00f5es p\u00fablicas ser\u00e3o distribu\u00eddas durante a programa\u00e7\u00e3o, com 20 cantores subindo ao palco por dia: s\u00e1bado (5\/9), domingo (6\/9) e segunda-feira (7\/9). As informa\u00e7\u00f5es sobre o festival podem ser acompanhadas pelos canais oficiais da Secretaria de Estado da Cultura e do Canto da Primavera. Fotos : Secult Legenda: Canto da Primavera Kids re\u00fane jovens talentos de diferentes regi\u00f5es de Goi\u00e1s em Piren\u00f3polis Secretaria da Cultura \u2013 Governo de Goi\u00e1s<\/p>\n","protected":false},"author":2,"featured_media":9678,"comment_status":"open","ping_status":"open","sticky":false,"template":"","format":"standard","meta":{"footnotes":""},"categories":[28],"tags":[],"class_list":["post-9677","post","type-post","status-publish","format-standard","has-post-thumbnail","hentry","category-jornal"],"_links":{"self":[{"href":"https:\/\/deolhonosocial.com.br\/index.php\/wp-json\/wp\/v2\/posts\/9677","targetHints":{"allow":["GET"]}}],"collection":[{"href":"https:\/\/deolhonosocial.com.br\/index.php\/wp-json\/wp\/v2\/posts"}],"about":[{"href":"https:\/\/deolhonosocial.com.br\/index.php\/wp-json\/wp\/v2\/types\/post"}],"author":[{"embeddable":true,"href":"https:\/\/deolhonosocial.com.br\/index.php\/wp-json\/wp\/v2\/users\/2"}],"replies":[{"embeddable":true,"href":"https:\/\/deolhonosocial.com.br\/index.php\/wp-json\/wp\/v2\/comments?post=9677"}],"version-history":[{"count":1,"href":"https:\/\/deolhonosocial.com.br\/index.php\/wp-json\/wp\/v2\/posts\/9677\/revisions"}],"predecessor-version":[{"id":9679,"href":"https:\/\/deolhonosocial.com.br\/index.php\/wp-json\/wp\/v2\/posts\/9677\/revisions\/9679"}],"wp:featuredmedia":[{"embeddable":true,"href":"https:\/\/deolhonosocial.com.br\/index.php\/wp-json\/wp\/v2\/media\/9678"}],"wp:attachment":[{"href":"https:\/\/deolhonosocial.com.br\/index.php\/wp-json\/wp\/v2\/media?parent=9677"}],"wp:term":[{"taxonomy":"category","embeddable":true,"href":"https:\/\/deolhonosocial.com.br\/index.php\/wp-json\/wp\/v2\/categories?post=9677"},{"taxonomy":"post_tag","embeddable":true,"href":"https:\/\/deolhonosocial.com.br\/index.php\/wp-json\/wp\/v2\/tags?post=9677"}],"curies":[{"name":"wp","href":"https:\/\/api.w.org\/{rel}","templated":true}]}}