{"id":8950,"date":"2026-04-30T17:22:06","date_gmt":"2026-04-30T20:22:06","guid":{"rendered":"https:\/\/deolhonosocial.com.br\/?p=8950"},"modified":"2026-04-30T17:22:06","modified_gmt":"2026-04-30T20:22:06","slug":"daniel-vilela-destaca-papel-do-tre-go-na-garantia-de-eleicoes-seguras-durante-posse-da-nova-gestao","status":"publish","type":"post","link":"https:\/\/deolhonosocial.com.br\/index.php\/2026\/04\/30\/daniel-vilela-destaca-papel-do-tre-go-na-garantia-de-eleicoes-seguras-durante-posse-da-nova-gestao\/","title":{"rendered":"Daniel Vilela destaca papel do TRE-GO na garantia de elei\u00e7\u00f5es seguras durante posse da nova gest\u00e3o"},"content":{"rendered":"\n<p>Desembargadora Elizabeth Maria da Silva assume a presid\u00eancia do \u00f3rg\u00e3o em ano de elei\u00e7\u00f5es gerais marcado por desafios tecnol\u00f3gicos e fortalece representatividade feminina na Justi\u00e7a Eleitoral<\/p>\n\n\n\n<p>O governador Daniel Vilela participou, nesta quinta-feira (30\/4), da posse da nova gest\u00e3o do Tribunal Regional Eleitoral de Goi\u00e1s (TRE-GO) e destacou o papel da Corte na garantia de elei\u00e7\u00f5es seguras em 2026, diante dos desafios da desinforma\u00e7\u00e3o e novas tecnologias. O evento marcou a posse da desembargadora Elizabeth Maria da Silva no cargo de presidente e do desembargador Jos\u00e9 Paganucci J\u00fanior como vice-presidente e corregedor.<\/p>\n\n\n\n<p>Durante a cerim\u00f4nia, o governador ressaltou que, em um ano de elei\u00e7\u00f5es gerais, \u00e9 fundamental ter uma lideran\u00e7a com a experi\u00eancia da nova presidente \u00e0 frente da Justi\u00e7a Eleitoral. \u201cA desembargadora Elizabeth tem uma hist\u00f3ria de vida e uma trajet\u00f3ria profissional que garante que a Justi\u00e7a Eleitoral goiana ser\u00e1 bem conduzida em um momento de muitos desafios. Ela fortalece a lideran\u00e7a feminina em um poder de grande relev\u00e2ncia. N\u00e3o \u00e9 s\u00f3 uma mulher que assume a presid\u00eancia, mas uma das mais brilhantes servidoras da Justi\u00e7a goiana e brasileira\u201d, afirmou.<\/p>\n\n\n\n<p>Daniel Vilela tamb\u00e9m destacou que o Tribunal ter\u00e1 papel decisivo na condu\u00e7\u00e3o do processo eleitoral, especialmente no enfrentamento ao uso indevido da intelig\u00eancia artificial e \u00e0 manipula\u00e7\u00e3o de informa\u00e7\u00f5es no ambiente digital. \u201c\u00c9 necess\u00e1rio aperfei\u00e7oar continuamente as normas e os mecanismos de regula\u00e7\u00e3o para enfrentar o uso indevido da tecnologia e a manipula\u00e7\u00e3o de informa\u00e7\u00f5es. \u00c9 fundamental garantir que o ambiente digital n\u00e3o comprometa a liberdade de escolha do eleitor nem a normalidade das elei\u00e7\u00f5es\u201d, ressaltou o governador.<\/p>\n\n\n\n<p>Ao assumir a presid\u00eancia do TRE-GO, a desembargadora Elizabeth Maria da Silva passa a conduzir os trabalhos da Corte no per\u00edodo eleitoral. Natural de Trindade, ela possui trajet\u00f3ria consolidada na magistratura, com in\u00edcio da carreira em 1983 e passagem por diversas comarcas do estado, al\u00e9m de atua\u00e7\u00e3o no Tribunal de Justi\u00e7a de Goi\u00e1s como desembargadora desde 2011. Elizabeth tamb\u00e9m \u00e9 a primeira mulher de carreira da magistratura a presidir o Tribunal.<\/p>\n\n\n\n<p>Segundo ela, a nomea\u00e7\u00e3o representa um passo importante na participa\u00e7\u00e3o feminina no processo eleitoral. \u201c\u00c9 sempre bom essa mescla de g\u00eaneros, porque cada um tem uma vis\u00e3o \u00e0s vezes diferenciada sobre determinado tema ou determinado assunto. Essa aglutina\u00e7\u00e3o, essa diversidade \u00e9 muito importante para que a gente evolua. Isso incentiva as mulheres a virem e participarem da pol\u00edtica. Trabalharemos para que a democracia seja uma heran\u00e7a perene. Que a Justi\u00e7a Eleitoral cumpra a sua miss\u00e3o de garantir elei\u00e7\u00f5es livres, justas e leg\u00edtimas\u201d, pontuou.<\/p>\n\n\n\n<p>Membros empossados<br>Al\u00e9m da presidente Elizabeth Maria da Silva, tamb\u00e9m assumiu na vice-presid\u00eancia o corregedor regional eleitoral, desembargador Jos\u00e9 Paganucci J\u00fanior. Natural de S\u00e3o Jos\u00e9 do Rio Preto (SP), possui ampla experi\u00eancia no Judici\u00e1rio goiano e atuou em diversas comarcas do interior antes de chegar ao cargo de desembargador, em 2011. Tamb\u00e9m foram empossados como suplentes o desembargador Gerson Santana Cintra e a desembargadora L\u00edlia M\u00f4nica de Castro Borges Escher, que passam a integrar a composi\u00e7\u00e3o da Corte Eleitoral.<\/p>\n\n\n\n<p>A escolha dos nomes para a presid\u00eancia e vice-presid\u00eancia do TRE-GO foi realizada pelo \u00d3rg\u00e3o Especial do Tribunal de Justi\u00e7a do Estado de Goi\u00e1s (TJGO) em 23 de fevereiro deste ano. At\u00e9 ent\u00e3o, o tribunal era presidido pelo desembargador Luiz Cl\u00e1udio Veiga Braga, tendo o desembargador Ivo Favaro como vice-presidente e corregedor regional eleitoral.<\/p>\n\n\n\n<p>Fotos: Hegon Correa<\/p>\n\n\n\n<p>Legenda: Daniel Vilela participa da posse da nova gest\u00e3o do TRE-GO em Goi\u00e2nia<\/p>\n\n\n\n<p>Secretaria de Comunica\u00e7\u00e3o \u2013 Governo de Goi\u00e1s<\/p>\n","protected":false},"excerpt":{"rendered":"<p>Desembargadora Elizabeth Maria da Silva assume a presid\u00eancia do \u00f3rg\u00e3o em ano de elei\u00e7\u00f5es gerais marcado por desafios tecnol\u00f3gicos e fortalece representatividade feminina na Justi\u00e7a Eleitoral O governador Daniel Vilela participou, nesta quinta-feira (30\/4), da posse da nova gest\u00e3o do Tribunal Regional Eleitoral de Goi\u00e1s (TRE-GO) e destacou o papel da Corte na garantia de elei\u00e7\u00f5es seguras em 2026, diante dos desafios da desinforma\u00e7\u00e3o e novas tecnologias. O evento marcou a posse da desembargadora Elizabeth Maria da Silva no cargo de presidente e do desembargador Jos\u00e9 Paganucci J\u00fanior como vice-presidente e corregedor. Durante a cerim\u00f4nia, o governador ressaltou que, em um ano de elei\u00e7\u00f5es gerais, \u00e9 fundamental ter uma lideran\u00e7a com a experi\u00eancia da nova presidente \u00e0 frente da Justi\u00e7a Eleitoral. \u201cA desembargadora Elizabeth tem uma hist\u00f3ria de vida e uma trajet\u00f3ria profissional que garante que a Justi\u00e7a Eleitoral goiana ser\u00e1 bem conduzida em um momento de muitos desafios. Ela fortalece a lideran\u00e7a feminina em um poder de grande relev\u00e2ncia. N\u00e3o \u00e9 s\u00f3 uma mulher que assume a presid\u00eancia, mas uma das mais brilhantes servidoras da Justi\u00e7a goiana e brasileira\u201d, afirmou. Daniel Vilela tamb\u00e9m destacou que o Tribunal ter\u00e1 papel decisivo na condu\u00e7\u00e3o do processo eleitoral, especialmente no enfrentamento ao uso indevido da intelig\u00eancia artificial e \u00e0 manipula\u00e7\u00e3o de informa\u00e7\u00f5es no ambiente digital. \u201c\u00c9 necess\u00e1rio aperfei\u00e7oar continuamente as normas e os mecanismos de regula\u00e7\u00e3o para enfrentar o uso indevido da tecnologia e a manipula\u00e7\u00e3o de informa\u00e7\u00f5es. \u00c9 fundamental garantir que o ambiente digital n\u00e3o comprometa a liberdade de escolha do eleitor nem a normalidade das elei\u00e7\u00f5es\u201d, ressaltou o governador. Ao assumir a presid\u00eancia do TRE-GO, a desembargadora Elizabeth Maria da Silva passa a conduzir os trabalhos da Corte no per\u00edodo eleitoral. Natural de Trindade, ela possui trajet\u00f3ria consolidada na magistratura, com in\u00edcio da carreira em 1983 e passagem por diversas comarcas do estado, al\u00e9m de atua\u00e7\u00e3o no Tribunal de Justi\u00e7a de Goi\u00e1s como desembargadora desde 2011. Elizabeth tamb\u00e9m \u00e9 a primeira mulher de carreira da magistratura a presidir o Tribunal. Segundo ela, a nomea\u00e7\u00e3o representa um passo importante na participa\u00e7\u00e3o feminina no processo eleitoral. \u201c\u00c9 sempre bom essa mescla de g\u00eaneros, porque cada um tem uma vis\u00e3o \u00e0s vezes diferenciada sobre determinado tema ou determinado assunto. Essa aglutina\u00e7\u00e3o, essa diversidade \u00e9 muito importante para que a gente evolua. Isso incentiva as mulheres a virem e participarem da pol\u00edtica. Trabalharemos para que a democracia seja uma heran\u00e7a perene. Que a Justi\u00e7a Eleitoral cumpra a sua miss\u00e3o de garantir elei\u00e7\u00f5es livres, justas e leg\u00edtimas\u201d, pontuou. Membros empossadosAl\u00e9m da presidente Elizabeth Maria da Silva, tamb\u00e9m assumiu na vice-presid\u00eancia o corregedor regional eleitoral, desembargador Jos\u00e9 Paganucci J\u00fanior. Natural de S\u00e3o Jos\u00e9 do Rio Preto (SP), possui ampla experi\u00eancia no Judici\u00e1rio goiano e atuou em diversas comarcas do interior antes de chegar ao cargo de desembargador, em 2011. Tamb\u00e9m foram empossados como suplentes o desembargador Gerson Santana Cintra e a desembargadora L\u00edlia M\u00f4nica de Castro Borges Escher, que passam a integrar a composi\u00e7\u00e3o da Corte Eleitoral. A escolha dos nomes para a presid\u00eancia e vice-presid\u00eancia do TRE-GO foi realizada pelo \u00d3rg\u00e3o Especial do Tribunal de Justi\u00e7a do Estado de Goi\u00e1s (TJGO) em 23 de fevereiro deste ano. At\u00e9 ent\u00e3o, o tribunal era presidido pelo desembargador Luiz Cl\u00e1udio Veiga Braga, tendo o desembargador Ivo Favaro como vice-presidente e corregedor regional eleitoral. Fotos: Hegon Correa Legenda: Daniel Vilela participa da posse da nova gest\u00e3o do TRE-GO em Goi\u00e2nia Secretaria de Comunica\u00e7\u00e3o \u2013 Governo de Goi\u00e1s<\/p>\n","protected":false},"author":2,"featured_media":8951,"comment_status":"open","ping_status":"open","sticky":false,"template":"","format":"standard","meta":{"footnotes":""},"categories":[28],"tags":[],"class_list":["post-8950","post","type-post","status-publish","format-standard","has-post-thumbnail","hentry","category-jornal"],"_links":{"self":[{"href":"https:\/\/deolhonosocial.com.br\/index.php\/wp-json\/wp\/v2\/posts\/8950","targetHints":{"allow":["GET"]}}],"collection":[{"href":"https:\/\/deolhonosocial.com.br\/index.php\/wp-json\/wp\/v2\/posts"}],"about":[{"href":"https:\/\/deolhonosocial.com.br\/index.php\/wp-json\/wp\/v2\/types\/post"}],"author":[{"embeddable":true,"href":"https:\/\/deolhonosocial.com.br\/index.php\/wp-json\/wp\/v2\/users\/2"}],"replies":[{"embeddable":true,"href":"https:\/\/deolhonosocial.com.br\/index.php\/wp-json\/wp\/v2\/comments?post=8950"}],"version-history":[{"count":1,"href":"https:\/\/deolhonosocial.com.br\/index.php\/wp-json\/wp\/v2\/posts\/8950\/revisions"}],"predecessor-version":[{"id":8952,"href":"https:\/\/deolhonosocial.com.br\/index.php\/wp-json\/wp\/v2\/posts\/8950\/revisions\/8952"}],"wp:featuredmedia":[{"embeddable":true,"href":"https:\/\/deolhonosocial.com.br\/index.php\/wp-json\/wp\/v2\/media\/8951"}],"wp:attachment":[{"href":"https:\/\/deolhonosocial.com.br\/index.php\/wp-json\/wp\/v2\/media?parent=8950"}],"wp:term":[{"taxonomy":"category","embeddable":true,"href":"https:\/\/deolhonosocial.com.br\/index.php\/wp-json\/wp\/v2\/categories?post=8950"},{"taxonomy":"post_tag","embeddable":true,"href":"https:\/\/deolhonosocial.com.br\/index.php\/wp-json\/wp\/v2\/tags?post=8950"}],"curies":[{"name":"wp","href":"https:\/\/api.w.org\/{rel}","templated":true}]}}