{"id":8923,"date":"2026-04-30T15:31:48","date_gmt":"2026-04-30T18:31:48","guid":{"rendered":"https:\/\/deolhonosocial.com.br\/?p=8923"},"modified":"2026-04-30T15:31:48","modified_gmt":"2026-04-30T18:31:48","slug":"prefeitura-de-aparecida-amplia-vacinacao-contra-a-gripe-com-atendimento-domiciliar-e-36-postos-por-toda-a-cidade","status":"publish","type":"post","link":"https:\/\/deolhonosocial.com.br\/index.php\/2026\/04\/30\/prefeitura-de-aparecida-amplia-vacinacao-contra-a-gripe-com-atendimento-domiciliar-e-36-postos-por-toda-a-cidade\/","title":{"rendered":"Prefeitura de Aparecida amplia vacina\u00e7\u00e3o contra a gripe com atendimento domiciliar e 36 postos por toda a cidade"},"content":{"rendered":"\n<p>Estrat\u00e9gia inclui imuniza\u00e7\u00e3o em casa para acamados e pessoas com dificuldade de locomo\u00e7\u00e3o, al\u00e9m de a\u00e7\u00f5es itinerantes para ampliar a cobertura vacinal<\/p>\n\n\n\n<p>A Prefeitura de Aparecida de Goi\u00e2nia segue intensificando a Campanha de Vacina\u00e7\u00e3o contra a Influenza 2026 com atendimento em 36 postos fixos e vacina\u00e7\u00e3o domiciliar para pessoas acamadas ou com dificuldade de locomo\u00e7\u00e3o. A Campanha, lan\u00e7ada em 28 de mar\u00e7o pela Secretaria Municipal de Sa\u00fade (SMS), refor\u00e7a o compromisso do munic\u00edpio em ampliar a cobertura vacinal e proteger os grupos priorit\u00e1rios contra complica\u00e7\u00f5es da gripe.<\/p>\n\n\n\n<p>Com monitoramento constante do cen\u00e1rio epidemiol\u00f3gico, a SMS tem adotado estrat\u00e9gias para alcan\u00e7ar o maior n\u00famero de pessoas, com destaque para a vacina\u00e7\u00e3o em casa. O servi\u00e7o \u00e9 voltado a pacientes acamados ou com mobilidade reduzida e pode ser solicitado pelo telefone (62) 3545-5868, de segunda a sexta-feira, das 8h \u00e0s 17h.<\/p>\n\n\n\n<p>O prefeito Leandro Vilela destaca que a medida amplia o acesso \u00e0 vacina e garante prote\u00e7\u00e3o a quem mais precisa. \u201cEstamos levando a vacina at\u00e9 a casa das pessoas que n\u00e3o conseguem se deslocar. \u00c9 uma a\u00e7\u00e3o que demonstra nosso cuidado com a popula\u00e7\u00e3o e nosso compromisso em evitar casos graves e interna\u00e7\u00f5es\u201d, afirma.<\/p>\n\n\n\n<p>Al\u00e9m da vacina\u00e7\u00e3o domiciliar, a campanha conta com a\u00e7\u00f5es como os Dias D, o Drive X\u00f4 Gripe (Iniciativa pioneira em Goi\u00e1s realizada em parceria com o governo estadual entre os dias 24 e 30 de abril, na Cidade Administrativa) e imuniza\u00e7\u00f5es em escolas, hospitais, empresas, institui\u00e7\u00f5es de longa perman\u00eancia e \u00e1reas rurais.<\/p>\n\n\n\n<p>De acordo com o secret\u00e1rio municipal de Sa\u00fade, Alessandro Magalh\u00e3es, a ampla estrat\u00e9gia adotada garante capilaridade e efici\u00eancia. \u201cNossas equipes est\u00e3o preparadas e mobilizadas para alcan\u00e7ar todos os p\u00fablicos priorit\u00e1rios, seja nas unidades, nas a\u00e7\u00f5es externas ou no atendimento domiciliar. A vacina\u00e7\u00e3o \u00e9 a principal forma de prevenir agravamentos da gripe\u201d, ressalta.<\/p>\n\n\n\n<p>A coordenadora de Imuniza\u00e7\u00e3o, Renata Cordeiro, refor\u00e7a a import\u00e2ncia da ades\u00e3o. \u201cA vacina \u00e9 segura, atualizada e fundamental para reduzir complica\u00e7\u00f5es. \u00c9 essencial que todos os grupos priorit\u00e1rios procurem a imuniza\u00e7\u00e3o o quanto antes\u201d, pontua.<\/p>\n\n\n\n<p>A vacina\u00e7\u00e3o est\u00e1 dispon\u00edvel em 35 Unidades B\u00e1sicas de Sa\u00fade (UBS\u2019s) com sala de vacina, de segunda a sexta-feira, das 7h30 \u00e0s 17h, e na Central de Imuniza\u00e7\u00e3o, de segunda a s\u00e1bado, das 7h30 \u00e0s 18h30. N\u00e3o h\u00e1 vacina\u00e7\u00e3o em feriados e pontos facultativos.<\/p>\n\n\n\n<p>A meta do munic\u00edpio \u00e9 vacinar ao menos 90% dos grupos priorit\u00e1rios definidos pelo Minist\u00e9rio da Sa\u00fade (MS), incluindo crian\u00e7as de 6 meses a menores de 6 anos, gestantes e idosos com 60 anos ou mais, p\u00fablico estimado em cerca de 182 mil pessoas. Tamb\u00e9m fazem parte do p\u00fablico-alvo trabalhadores da sa\u00fade, professores, pessoas com comorbidades, for\u00e7as de seguran\u00e7a, caminhoneiros, trabalhadores do transporte coletivo, portu\u00e1rios e trabalhadores dos Correios, entre outros.<\/p>\n\n\n\n<p>Balan\u00e7o da Campanha<\/p>\n\n\n\n<p>At\u00e9 o dia 25 de abril, foram aplicadas 25.195 doses da vacina contra a influenza em Aparecida, o que representa 23% da popula\u00e7\u00e3o-alvo estimada em 109.557 pessoas. Entre os grupos priorit\u00e1rios, como crian\u00e7as, idosos e gestantes, a cobertura tamb\u00e9m \u00e9 de 23%. Nos demais grupos priorit\u00e1rios, como profissionais da sa\u00fade, educa\u00e7\u00e3o, seguran\u00e7a e pessoas com comorbidades, j\u00e1 foram aplicadas 11.082 doses. A vacina utilizada \u00e9 a trivalente, atualizada para prote\u00e7\u00e3o contra os principais v\u00edrus em circula\u00e7\u00e3o.<\/p>\n\n\n\n<p>Confira os locais de vacina\u00e7\u00e3o (Segunda a sexta, das 7h30 \u00e0s 17h):<\/p>\n\n\n\n<p>UBS Andrade Reis<br>UBS Colina Azul<br>UBS Independ\u00eancia Mans\u00f5es<br>UBS Jardim Floren\u00e7a<br>UBS Tiradentes<br>UBS Pontal Sul 2<br>UBS Veiga Jardim<br>UBS Papillon Park<br>UBS Bairro Ilda<br>UBS Cruzeiro do Sul<br>UBS Bairro Cardoso<br>UBS Delfiore<br>UBS Madre Germana<br>UBS Jardim dos Ip\u00eas<br>UBS Alto Para\u00edso<br>UBS Bandeirantes<br>UBS Buriti Sereno<br>UBS Campos El\u00edsios<br>UBS Bairro Independ\u00eancia<br>UBS Boa Esperan\u00e7a<br>UBS Anhambi<br>UBS Rosa dos Ventos<br>UBS Santo Andr\u00e9<br>UBS Jardim Para\u00edso<br>UBS Jardim Ol\u00edmpico<br>UBS Parque Trindade<br>UBS Santa Luzia<br>UBS Bela Vista<br>UBS Jardim dos Buritis<br>UBS Nova Olinda<br>UBS Retiro do Bosque<br>UBS C\u00e2ndido de Queiroz<br>UBS Vila S\u00e3o Pedro<br>UBS Expansul<br>UBS Mans\u00f5es Para\u00edso<br>Central de Imuniza\u00e7\u00e3o (Segunda a s\u00e1bado, das 7h30 \u00e0s 18h30)<\/p>\n\n\n\n<p>Documentos necess\u00e1rios:<\/p>\n\n\n\n<p>Documento com foto, CPF ou Cart\u00e3o SUS e, preferencialmente, carteira de vacina\u00e7\u00e3o. Alguns grupos devem apresentar comprovantes de v\u00ednculo profissional ou condi\u00e7\u00e3o de sa\u00fade.<\/p>\n","protected":false},"excerpt":{"rendered":"<p>Estrat\u00e9gia inclui imuniza\u00e7\u00e3o em casa para acamados e pessoas com dificuldade de locomo\u00e7\u00e3o, al\u00e9m de a\u00e7\u00f5es itinerantes para ampliar a cobertura vacinal A Prefeitura de Aparecida de Goi\u00e2nia segue intensificando a Campanha de Vacina\u00e7\u00e3o contra a Influenza 2026 com atendimento em 36 postos fixos e vacina\u00e7\u00e3o domiciliar para pessoas acamadas ou com dificuldade de locomo\u00e7\u00e3o. A Campanha, lan\u00e7ada em 28 de mar\u00e7o pela Secretaria Municipal de Sa\u00fade (SMS), refor\u00e7a o compromisso do munic\u00edpio em ampliar a cobertura vacinal e proteger os grupos priorit\u00e1rios contra complica\u00e7\u00f5es da gripe. Com monitoramento constante do cen\u00e1rio epidemiol\u00f3gico, a SMS tem adotado estrat\u00e9gias para alcan\u00e7ar o maior n\u00famero de pessoas, com destaque para a vacina\u00e7\u00e3o em casa. O servi\u00e7o \u00e9 voltado a pacientes acamados ou com mobilidade reduzida e pode ser solicitado pelo telefone (62) 3545-5868, de segunda a sexta-feira, das 8h \u00e0s 17h. O prefeito Leandro Vilela destaca que a medida amplia o acesso \u00e0 vacina e garante prote\u00e7\u00e3o a quem mais precisa. \u201cEstamos levando a vacina at\u00e9 a casa das pessoas que n\u00e3o conseguem se deslocar. \u00c9 uma a\u00e7\u00e3o que demonstra nosso cuidado com a popula\u00e7\u00e3o e nosso compromisso em evitar casos graves e interna\u00e7\u00f5es\u201d, afirma. Al\u00e9m da vacina\u00e7\u00e3o domiciliar, a campanha conta com a\u00e7\u00f5es como os Dias D, o Drive X\u00f4 Gripe (Iniciativa pioneira em Goi\u00e1s realizada em parceria com o governo estadual entre os dias 24 e 30 de abril, na Cidade Administrativa) e imuniza\u00e7\u00f5es em escolas, hospitais, empresas, institui\u00e7\u00f5es de longa perman\u00eancia e \u00e1reas rurais. De acordo com o secret\u00e1rio municipal de Sa\u00fade, Alessandro Magalh\u00e3es, a ampla estrat\u00e9gia adotada garante capilaridade e efici\u00eancia. \u201cNossas equipes est\u00e3o preparadas e mobilizadas para alcan\u00e7ar todos os p\u00fablicos priorit\u00e1rios, seja nas unidades, nas a\u00e7\u00f5es externas ou no atendimento domiciliar. A vacina\u00e7\u00e3o \u00e9 a principal forma de prevenir agravamentos da gripe\u201d, ressalta. A coordenadora de Imuniza\u00e7\u00e3o, Renata Cordeiro, refor\u00e7a a import\u00e2ncia da ades\u00e3o. \u201cA vacina \u00e9 segura, atualizada e fundamental para reduzir complica\u00e7\u00f5es. \u00c9 essencial que todos os grupos priorit\u00e1rios procurem a imuniza\u00e7\u00e3o o quanto antes\u201d, pontua. A vacina\u00e7\u00e3o est\u00e1 dispon\u00edvel em 35 Unidades B\u00e1sicas de Sa\u00fade (UBS\u2019s) com sala de vacina, de segunda a sexta-feira, das 7h30 \u00e0s 17h, e na Central de Imuniza\u00e7\u00e3o, de segunda a s\u00e1bado, das 7h30 \u00e0s 18h30. N\u00e3o h\u00e1 vacina\u00e7\u00e3o em feriados e pontos facultativos. A meta do munic\u00edpio \u00e9 vacinar ao menos 90% dos grupos priorit\u00e1rios definidos pelo Minist\u00e9rio da Sa\u00fade (MS), incluindo crian\u00e7as de 6 meses a menores de 6 anos, gestantes e idosos com 60 anos ou mais, p\u00fablico estimado em cerca de 182 mil pessoas. Tamb\u00e9m fazem parte do p\u00fablico-alvo trabalhadores da sa\u00fade, professores, pessoas com comorbidades, for\u00e7as de seguran\u00e7a, caminhoneiros, trabalhadores do transporte coletivo, portu\u00e1rios e trabalhadores dos Correios, entre outros. Balan\u00e7o da Campanha At\u00e9 o dia 25 de abril, foram aplicadas 25.195 doses da vacina contra a influenza em Aparecida, o que representa 23% da popula\u00e7\u00e3o-alvo estimada em 109.557 pessoas. Entre os grupos priorit\u00e1rios, como crian\u00e7as, idosos e gestantes, a cobertura tamb\u00e9m \u00e9 de 23%. Nos demais grupos priorit\u00e1rios, como profissionais da sa\u00fade, educa\u00e7\u00e3o, seguran\u00e7a e pessoas com comorbidades, j\u00e1 foram aplicadas 11.082 doses. A vacina utilizada \u00e9 a trivalente, atualizada para prote\u00e7\u00e3o contra os principais v\u00edrus em circula\u00e7\u00e3o. Confira os locais de vacina\u00e7\u00e3o (Segunda a sexta, das 7h30 \u00e0s 17h): UBS Andrade ReisUBS Colina AzulUBS Independ\u00eancia Mans\u00f5esUBS Jardim Floren\u00e7aUBS TiradentesUBS Pontal Sul 2UBS Veiga JardimUBS Papillon ParkUBS Bairro IldaUBS Cruzeiro do SulUBS Bairro CardosoUBS DelfioreUBS Madre GermanaUBS Jardim dos Ip\u00easUBS Alto Para\u00edsoUBS BandeirantesUBS Buriti SerenoUBS Campos El\u00edsiosUBS Bairro Independ\u00eanciaUBS Boa Esperan\u00e7aUBS AnhambiUBS Rosa dos VentosUBS Santo Andr\u00e9UBS Jardim Para\u00edsoUBS Jardim Ol\u00edmpicoUBS Parque TrindadeUBS Santa LuziaUBS Bela VistaUBS Jardim dos BuritisUBS Nova OlindaUBS Retiro do BosqueUBS C\u00e2ndido de QueirozUBS Vila S\u00e3o PedroUBS ExpansulUBS Mans\u00f5es Para\u00edsoCentral de Imuniza\u00e7\u00e3o (Segunda a s\u00e1bado, das 7h30 \u00e0s 18h30) Documentos necess\u00e1rios: Documento com foto, CPF ou Cart\u00e3o SUS e, preferencialmente, carteira de vacina\u00e7\u00e3o. Alguns grupos devem apresentar comprovantes de v\u00ednculo profissional ou condi\u00e7\u00e3o de sa\u00fade.<\/p>\n","protected":false},"author":2,"featured_media":8924,"comment_status":"open","ping_status":"open","sticky":false,"template":"","format":"standard","meta":{"footnotes":""},"categories":[28],"tags":[],"class_list":["post-8923","post","type-post","status-publish","format-standard","has-post-thumbnail","hentry","category-jornal"],"_links":{"self":[{"href":"https:\/\/deolhonosocial.com.br\/index.php\/wp-json\/wp\/v2\/posts\/8923","targetHints":{"allow":["GET"]}}],"collection":[{"href":"https:\/\/deolhonosocial.com.br\/index.php\/wp-json\/wp\/v2\/posts"}],"about":[{"href":"https:\/\/deolhonosocial.com.br\/index.php\/wp-json\/wp\/v2\/types\/post"}],"author":[{"embeddable":true,"href":"https:\/\/deolhonosocial.com.br\/index.php\/wp-json\/wp\/v2\/users\/2"}],"replies":[{"embeddable":true,"href":"https:\/\/deolhonosocial.com.br\/index.php\/wp-json\/wp\/v2\/comments?post=8923"}],"version-history":[{"count":1,"href":"https:\/\/deolhonosocial.com.br\/index.php\/wp-json\/wp\/v2\/posts\/8923\/revisions"}],"predecessor-version":[{"id":8925,"href":"https:\/\/deolhonosocial.com.br\/index.php\/wp-json\/wp\/v2\/posts\/8923\/revisions\/8925"}],"wp:featuredmedia":[{"embeddable":true,"href":"https:\/\/deolhonosocial.com.br\/index.php\/wp-json\/wp\/v2\/media\/8924"}],"wp:attachment":[{"href":"https:\/\/deolhonosocial.com.br\/index.php\/wp-json\/wp\/v2\/media?parent=8923"}],"wp:term":[{"taxonomy":"category","embeddable":true,"href":"https:\/\/deolhonosocial.com.br\/index.php\/wp-json\/wp\/v2\/categories?post=8923"},{"taxonomy":"post_tag","embeddable":true,"href":"https:\/\/deolhonosocial.com.br\/index.php\/wp-json\/wp\/v2\/tags?post=8923"}],"curies":[{"name":"wp","href":"https:\/\/api.w.org\/{rel}","templated":true}]}}