{"id":8915,"date":"2026-04-28T13:43:34","date_gmt":"2026-04-28T16:43:34","guid":{"rendered":"https:\/\/deolhonosocial.com.br\/?p=8915"},"modified":"2026-04-28T13:43:34","modified_gmt":"2026-04-28T16:43:34","slug":"prefeitura-alerta-para-necessidade-de-atualizacao-da-caderneta-de-vacinacao-em-todas-as-idades","status":"publish","type":"post","link":"https:\/\/deolhonosocial.com.br\/index.php\/2026\/04\/28\/prefeitura-alerta-para-necessidade-de-atualizacao-da-caderneta-de-vacinacao-em-todas-as-idades\/","title":{"rendered":"Prefeitura alerta para necessidade de atualiza\u00e7\u00e3o da caderneta de vacina\u00e7\u00e3o em todas as idades"},"content":{"rendered":"\n<p>Goi\u00e2nia oferta cerca de 20 tipos de vacinas gratuitas e disponibiliza mais de 60 salas de vacina\u00e7\u00e3o, para atender a popula\u00e7\u00e3o, al\u00e9m de oito Centros Municipais de Vacina\u00e7\u00e3o<\/p>\n\n\n\n<p>A Prefeitura de Goi\u00e2nia, por meio da Secretaria Municipal de Sa\u00fade (SMS), alerta a popula\u00e7\u00e3o sobre a necessidade de atualiza\u00e7\u00e3o das cadernetas de vacina\u00e7\u00e3o em todas as idades. Entre os dias 25 de abril e 2 de maio de 2026, ocorre a 24\u00aa edi\u00e7\u00e3o da Semana de Vacina\u00e7\u00e3o nas Am\u00e9ricas (SVA), simultaneamente com a Semana Mundial da Imuniza\u00e7\u00e3o. As campanhas destacam o papel da vacina\u00e7\u00e3o e visam acelerar a elimina\u00e7\u00e3o de mais de 30 doen\u00e7as at\u00e9 2030.<\/p>\n\n\n\n<p>\u201cA vacina\u00e7\u00e3o \u00e9 uma das estrat\u00e9gias mais eficazes que temos para proteger a popula\u00e7\u00e3o em todas as fases da vida. Goi\u00e2nia mant\u00e9m uma rede estruturada, com ampla oferta de vacinas e salas de atendimento, mas \u00e9 fundamental que cada pessoa fa\u00e7a a sua parte, verificando a caderneta e buscando a atualiza\u00e7\u00e3o das doses, contribuindo para a prote\u00e7\u00e3o coletiva e para evitar o retorno de doen\u00e7as j\u00e1 controladas\u201d, destaca o secret\u00e1rio municipal de Sa\u00fade, Luiz Pellizzer.<\/p>\n\n\n\n<p>A vacina\u00e7\u00e3o \u00e9 a principal ferramenta para preven\u00e7\u00e3o e erradica\u00e7\u00e3o de doen\u00e7as. A var\u00edola, poliomielite (paralisia infantil) e rub\u00e9ola s\u00e3o exemplos de doen\u00e7as totalmente erradicadas no Brasil, o que s\u00f3 foi conquistado pela imuniza\u00e7\u00e3o. O sarampo, por outro lado, foi considerado eliminado no pa\u00eds em 2016, mas o Brasil perdeu o certificado de elimina\u00e7\u00e3o em 2019 devido \u00e0 baixa cobertura vacinal, refor\u00e7ando a necessidade manter a caderneta de vacina\u00e7\u00e3o atualizada.<\/p>\n\n\n\n<p>Goi\u00e2nia oferta, atualmente, cerca de 20 tipos de vacinas gratuitas, como febre amarela, tr\u00edplice viral, influenza e covid-19, e cada faixa et\u00e1ria possui um calend\u00e1rio espec\u00edfico com os imunizantes a serem aplicados. O munic\u00edpio disponibiliza mais de 60 salas de vacina\u00e7\u00e3o, abertas de segunda a sexta-feira, das 8h \u00e0s 17h, para atender a popula\u00e7\u00e3o, al\u00e9m de oito Centros Municipais de Vacina\u00e7\u00e3o (CMV) abertos tamb\u00e9m aos fins de semana e feriados, das 8h \u00e0s 18h.<\/p>\n\n\n\n<p>\u201cCada faixa et\u00e1ria possui um calend\u00e1rio de vacina\u00e7\u00e3o para ser seguido e garantir a prote\u00e7\u00e3o adequada ao longo da vida. Muitas pessoas deixam de se vacinar por falta de informa\u00e7\u00e3o ou por acreditarem que as vacinas s\u00e3o apenas para crian\u00e7as, mas todos precisam manter as doses em dia. Queremos que a popula\u00e7\u00e3o procure uma unidade de sa\u00fade e aproveite a campanha para regularizar a situa\u00e7\u00e3o vacinal\u201d, orienta a gerente de Imuniza\u00e7\u00e3o da SMS, Nayara Ferreira.<\/p>\n\n\n\n<p>Ela explica que o Minist\u00e9rio da Sa\u00fade recomenda 95% da popula\u00e7\u00e3o alvo vacinada para a maioria dos imunizantes. Destaca ainda que Goi\u00e2nia promove campanhas para alcan\u00e7ar esse percentual de cobertura vacinal. \u201cQuando um se protege, protege tamb\u00e9m quem est\u00e1 pr\u00f3ximo. Manter altas as coberturas vacinais \u00e9 importante para prote\u00e7\u00e3o coletiva. Quanto mais pessoas vacinadas, maior a probabilidade de erradica\u00e7\u00e3o das doen\u00e7as\u201d, afirma a gerente.<\/p>\n\n\n\n<p>Confira abaixo os calend\u00e1rios de vacina\u00e7\u00e3o por faixa et\u00e1ria, gestantes e trabalhadores da sa\u00fade:<\/p>\n\n\n\n<p>Crian\u00e7as<\/p>\n\n\n\n<ul class=\"wp-block-list\">\n<li>Ao nascer: BCG e hepatite B;<\/li>\n\n\n\n<li>2 meses: penta, VIP, pneumo 10 e rotav\u00edrus;<\/li>\n\n\n\n<li>3 meses: meningo C;<\/li>\n\n\n\n<li>4 meses: penta, VIP, pneumo 10 e rotav\u00edrus;<\/li>\n\n\n\n<li>5 meses: meningo C;<\/li>\n\n\n\n<li>6 meses: penta, VIP, covid-19 e influenza;<\/li>\n\n\n\n<li>7 meses: covid-19 e influenza;<\/li>\n\n\n\n<li>9 meses: febre amarela e covid-19;<\/li>\n\n\n\n<li>12 meses: pneumo 10, ACWY e tr\u00edplice viral;<\/li>\n\n\n\n<li>15 meses: hepatite A, VIP, DTP, tr\u00edplice viral e varicela;<\/li>\n\n\n\n<li>4 anos: DTP, febre amarela e varicela;<\/li>\n\n\n\n<li>9 anos: HPV;<\/li>\n\n\n\n<li>10 anos: dengue;<\/li>\n\n\n\n<li>11 anos: ACWY.<\/li>\n<\/ul>\n\n\n\n<p>Adolescentes<\/p>\n\n\n\n<ul class=\"wp-block-list\">\n<li>10 a 19 anos: Hepatite B, dT, febre amarela e tr\u00edplice viral;<\/li>\n\n\n\n<li>9 a 14 anos: HPV;<\/li>\n\n\n\n<li>10 a 14 anos: dengue;<\/li>\n\n\n\n<li>11 a 14 anos: ACWY.<\/li>\n<\/ul>\n\n\n\n<p>Adultos<\/p>\n\n\n\n<ul class=\"wp-block-list\">\n<li>20 a 59 anos: hepatite B, dT e febre amarela;<\/li>\n\n\n\n<li>20 a 29 anos: tr\u00edplice viral (2 doses);<\/li>\n\n\n\n<li>30 a 59 anos: tr\u00edplice viral (1 dose);<\/li>\n\n\n\n<li>9 a 45 anos (condi\u00e7\u00f5es especiais): HPV.<\/li>\n<\/ul>\n\n\n\n<p>Idosos<\/p>\n\n\n\n<ul class=\"wp-block-list\">\n<li>60 anos ou mais: hepatite B e dT, febre amarela (mediante avalia\u00e7\u00e3o); pneumoc\u00f3cica 23, covid-19 (a cada 6 meses) e influenza (anual).<\/li>\n<\/ul>\n\n\n\n<p>Gestantes<\/p>\n\n\n\n<ul class=\"wp-block-list\">\n<li>A qualquer tempo: hepatite B e dT;<\/li>\n\n\n\n<li>Durante a gesta\u00e7\u00e3o: covid-19 e influenza;<\/li>\n\n\n\n<li>A partir da 20\u00aa semana: dTpa;<\/li>\n\n\n\n<li>A partir da 28\u00aa semana: VSR.<\/li>\n<\/ul>\n\n\n\n<p>Trabalhador da sa\u00fade<\/p>\n\n\n\n<ul class=\"wp-block-list\">\n<li>A qualquer tempo: Hepatite B, dT, dTpa (refor\u00e7o a cada 10 anos), tr\u00edplice viral, varicela, covid-19 (dose anual) e influenza (dose anual).<\/li>\n<\/ul>\n\n\n\n<p>Fotos: Divulga\u00e7\u00e3o\/SMS<\/p>\n\n\n\n<p>Legenda: Vacina\u00e7\u00e3o \u00e9 a principal ferramenta para preven\u00e7\u00e3o e erradica\u00e7\u00e3o de doen\u00e7as<\/p>\n\n\n\n<p>Secretaria Municipal de Sa\u00fade (SMS) \u2013 Prefeitura de Goi\u00e2nia<\/p>\n","protected":false},"excerpt":{"rendered":"<p>Goi\u00e2nia oferta cerca de 20 tipos de vacinas gratuitas e disponibiliza mais de 60 salas de vacina\u00e7\u00e3o, para atender a popula\u00e7\u00e3o, al\u00e9m de oito Centros Municipais de Vacina\u00e7\u00e3o A Prefeitura de Goi\u00e2nia, por meio da Secretaria Municipal de Sa\u00fade (SMS), alerta a popula\u00e7\u00e3o sobre a necessidade de atualiza\u00e7\u00e3o das cadernetas de vacina\u00e7\u00e3o em todas as idades. Entre os dias 25 de abril e 2 de maio de 2026, ocorre a 24\u00aa edi\u00e7\u00e3o da Semana de Vacina\u00e7\u00e3o nas Am\u00e9ricas (SVA), simultaneamente com a Semana Mundial da Imuniza\u00e7\u00e3o. As campanhas destacam o papel da vacina\u00e7\u00e3o e visam acelerar a elimina\u00e7\u00e3o de mais de 30 doen\u00e7as at\u00e9 2030. \u201cA vacina\u00e7\u00e3o \u00e9 uma das estrat\u00e9gias mais eficazes que temos para proteger a popula\u00e7\u00e3o em todas as fases da vida. Goi\u00e2nia mant\u00e9m uma rede estruturada, com ampla oferta de vacinas e salas de atendimento, mas \u00e9 fundamental que cada pessoa fa\u00e7a a sua parte, verificando a caderneta e buscando a atualiza\u00e7\u00e3o das doses, contribuindo para a prote\u00e7\u00e3o coletiva e para evitar o retorno de doen\u00e7as j\u00e1 controladas\u201d, destaca o secret\u00e1rio municipal de Sa\u00fade, Luiz Pellizzer. A vacina\u00e7\u00e3o \u00e9 a principal ferramenta para preven\u00e7\u00e3o e erradica\u00e7\u00e3o de doen\u00e7as. A var\u00edola, poliomielite (paralisia infantil) e rub\u00e9ola s\u00e3o exemplos de doen\u00e7as totalmente erradicadas no Brasil, o que s\u00f3 foi conquistado pela imuniza\u00e7\u00e3o. O sarampo, por outro lado, foi considerado eliminado no pa\u00eds em 2016, mas o Brasil perdeu o certificado de elimina\u00e7\u00e3o em 2019 devido \u00e0 baixa cobertura vacinal, refor\u00e7ando a necessidade manter a caderneta de vacina\u00e7\u00e3o atualizada. Goi\u00e2nia oferta, atualmente, cerca de 20 tipos de vacinas gratuitas, como febre amarela, tr\u00edplice viral, influenza e covid-19, e cada faixa et\u00e1ria possui um calend\u00e1rio espec\u00edfico com os imunizantes a serem aplicados. O munic\u00edpio disponibiliza mais de 60 salas de vacina\u00e7\u00e3o, abertas de segunda a sexta-feira, das 8h \u00e0s 17h, para atender a popula\u00e7\u00e3o, al\u00e9m de oito Centros Municipais de Vacina\u00e7\u00e3o (CMV) abertos tamb\u00e9m aos fins de semana e feriados, das 8h \u00e0s 18h. \u201cCada faixa et\u00e1ria possui um calend\u00e1rio de vacina\u00e7\u00e3o para ser seguido e garantir a prote\u00e7\u00e3o adequada ao longo da vida. Muitas pessoas deixam de se vacinar por falta de informa\u00e7\u00e3o ou por acreditarem que as vacinas s\u00e3o apenas para crian\u00e7as, mas todos precisam manter as doses em dia. Queremos que a popula\u00e7\u00e3o procure uma unidade de sa\u00fade e aproveite a campanha para regularizar a situa\u00e7\u00e3o vacinal\u201d, orienta a gerente de Imuniza\u00e7\u00e3o da SMS, Nayara Ferreira. Ela explica que o Minist\u00e9rio da Sa\u00fade recomenda 95% da popula\u00e7\u00e3o alvo vacinada para a maioria dos imunizantes. Destaca ainda que Goi\u00e2nia promove campanhas para alcan\u00e7ar esse percentual de cobertura vacinal. \u201cQuando um se protege, protege tamb\u00e9m quem est\u00e1 pr\u00f3ximo. Manter altas as coberturas vacinais \u00e9 importante para prote\u00e7\u00e3o coletiva. Quanto mais pessoas vacinadas, maior a probabilidade de erradica\u00e7\u00e3o das doen\u00e7as\u201d, afirma a gerente. Confira abaixo os calend\u00e1rios de vacina\u00e7\u00e3o por faixa et\u00e1ria, gestantes e trabalhadores da sa\u00fade: Crian\u00e7as Adolescentes Adultos Idosos Gestantes Trabalhador da sa\u00fade Fotos: Divulga\u00e7\u00e3o\/SMS Legenda: Vacina\u00e7\u00e3o \u00e9 a principal ferramenta para preven\u00e7\u00e3o e erradica\u00e7\u00e3o de doen\u00e7as Secretaria Municipal de Sa\u00fade (SMS) \u2013 Prefeitura de Goi\u00e2nia<\/p>\n","protected":false},"author":2,"featured_media":8916,"comment_status":"open","ping_status":"open","sticky":false,"template":"","format":"standard","meta":{"footnotes":""},"categories":[28],"tags":[],"class_list":["post-8915","post","type-post","status-publish","format-standard","has-post-thumbnail","hentry","category-jornal"],"_links":{"self":[{"href":"https:\/\/deolhonosocial.com.br\/index.php\/wp-json\/wp\/v2\/posts\/8915","targetHints":{"allow":["GET"]}}],"collection":[{"href":"https:\/\/deolhonosocial.com.br\/index.php\/wp-json\/wp\/v2\/posts"}],"about":[{"href":"https:\/\/deolhonosocial.com.br\/index.php\/wp-json\/wp\/v2\/types\/post"}],"author":[{"embeddable":true,"href":"https:\/\/deolhonosocial.com.br\/index.php\/wp-json\/wp\/v2\/users\/2"}],"replies":[{"embeddable":true,"href":"https:\/\/deolhonosocial.com.br\/index.php\/wp-json\/wp\/v2\/comments?post=8915"}],"version-history":[{"count":1,"href":"https:\/\/deolhonosocial.com.br\/index.php\/wp-json\/wp\/v2\/posts\/8915\/revisions"}],"predecessor-version":[{"id":8917,"href":"https:\/\/deolhonosocial.com.br\/index.php\/wp-json\/wp\/v2\/posts\/8915\/revisions\/8917"}],"wp:featuredmedia":[{"embeddable":true,"href":"https:\/\/deolhonosocial.com.br\/index.php\/wp-json\/wp\/v2\/media\/8916"}],"wp:attachment":[{"href":"https:\/\/deolhonosocial.com.br\/index.php\/wp-json\/wp\/v2\/media?parent=8915"}],"wp:term":[{"taxonomy":"category","embeddable":true,"href":"https:\/\/deolhonosocial.com.br\/index.php\/wp-json\/wp\/v2\/categories?post=8915"},{"taxonomy":"post_tag","embeddable":true,"href":"https:\/\/deolhonosocial.com.br\/index.php\/wp-json\/wp\/v2\/tags?post=8915"}],"curies":[{"name":"wp","href":"https:\/\/api.w.org\/{rel}","templated":true}]}}