{"id":8909,"date":"2026-04-28T13:41:33","date_gmt":"2026-04-28T16:41:33","guid":{"rendered":"https:\/\/deolhonosocial.com.br\/?p=8909"},"modified":"2026-04-28T13:41:34","modified_gmt":"2026-04-28T16:41:34","slug":"daniel-vilela-reafirma-parceria-com-setor-industrial-para-impulsionar-economia-de-goias","status":"publish","type":"post","link":"https:\/\/deolhonosocial.com.br\/index.php\/2026\/04\/28\/daniel-vilela-reafirma-parceria-com-setor-industrial-para-impulsionar-economia-de-goias\/","title":{"rendered":"Daniel Vilela reafirma parceria com setor industrial para impulsionar economia de Goi\u00e1s"},"content":{"rendered":"\n<p>Governador destaca di\u00e1logo com entidades na formula\u00e7\u00e3o de pol\u00edticas p\u00fablicas durante reuni\u00e3o com representantes da Fieg e de 20 sindicatos<\/p>\n\n\n\n<p>O governador Daniel Vilela refor\u00e7ou, nesta segunda-feira (27\/4), a parceria entre o Governo de Goi\u00e1s com o F\u00f3rum Empresarial Goiano e seus diversos setores em prol do crescimento do Estado. A declara\u00e7\u00e3o foi dada durante reuni\u00e3o, em Goi\u00e2nia, com a diretoria da Federa\u00e7\u00e3o das Ind\u00fastrias do Estado de Goi\u00e1s (Fieg) e representantes de mais de 20 sindicatos.<\/p>\n\n\n\n<p>\u201cO F\u00f3rum Empresarial sempre teve atua\u00e7\u00e3o e import\u00e2ncia muito grande na cria\u00e7\u00e3o das pol\u00edticas p\u00fablicas do nosso estado ao longo dos anos. Tem grande relev\u00e2ncia na cria\u00e7\u00e3o, na formula\u00e7\u00e3o das pol\u00edticas que fizeram com que Goi\u00e1s chegasse \u00e0 condi\u00e7\u00e3o de refer\u00eancia, de um estado industrializado, que tem um ambiente para atra\u00e7\u00e3o de investimentos muito forte\u201d, declarou Daniel Vilela, ao acrescentar que na condi\u00e7\u00e3o de governador \u201crefor\u00e7o a continuidade dessa \u00f3tima rela\u00e7\u00e3o que j\u00e1 acontecia sob a lideran\u00e7a do ex-governador Ronaldo Caiado\u201d, continuou.<\/p>\n\n\n\n<p>O gestor goiano destacou a atua\u00e7\u00e3o das entidades para o desempenho da economia goiana e se colocou \u00e0 disposi\u00e7\u00e3o para conhecer as demandas do setor. \u201cO segredo do sucesso de Goi\u00e1s \u00e9 a boa intera\u00e7\u00e3o entre o setor produtivo e o setor p\u00fablico. Nosso governo tem a determina\u00e7\u00e3o de estar, de forma permanente, ouvindo as entidades representativas e classistas, para construir solu\u00e7\u00f5es. Voc\u00eas que vivem as dificuldades e sabem o que \u00e9 preciso ser feito por parte do Estado\u201d, sublinhou Daniel Vilela.<\/p>\n\n\n\n<p>Para o governador, entender as demandas \u00e9 essencial para ampliar a rela\u00e7\u00e3o institucional com as entidades. \u201cPor meio da experi\u00eancia de cada setor, definimos as inova\u00e7\u00f5es e pol\u00edticas a serem adotadas para que o Estado continue avan\u00e7ando. Nosso governo vai buscar sempre induzir e fomentar, para que possamos alcan\u00e7ar sucesso\u201d, frisou. \u201cVamos seguir uma rela\u00e7\u00e3o de transpar\u00eancia, de forma republicana, sempre levando os interesses de Goi\u00e1s \u00e0 frente e, naturalmente, sendo refer\u00eancia como um governo correto\u201d, finalizou.<\/p>\n\n\n\n<p>Para o presidente da Fieg, Andr\u00e9 Rocha, \u201co segredo do desenvolvimento do Estado de Goi\u00e1s foi justamente essa intera\u00e7\u00e3o entre o poder p\u00fablico e a iniciativa privada, discutindo de forma clara, transparente, democr\u00e1tica as melhores pol\u00edticas p\u00fablicas para trazer o desenvolvimento ao Estado\u201d. Para ele, Goi\u00e1s \u00e9 uma ilha no Brasil que cresce acima da m\u00e9dia nacional. \u201cEstamos conseguindo trazer investimentos para todas as regi\u00f5es de Goi\u00e1s. Sempre fomos muito bem recebidos pela gest\u00e3o estadual e vamos continuar aprofundando cada uma dessas parcerias para o melhor desenvolvimento de Goi\u00e1s\u201d, assegurou.<\/p>\n\n\n\n<p>Fotos: Hegon Correa<\/p>\n\n\n\n<p>Legenda: Governador Daniel Vilela participa de f\u00f3rum com empres\u00e1rios goianos e destaca import\u00e2ncia da parceria com o Governo de Goi\u00e1s<\/p>\n\n\n\n<p>Secretaria de Comunica\u00e7\u00e3o &#8211; Governo de Goi\u00e1s<\/p>\n","protected":false},"excerpt":{"rendered":"<p>Governador destaca di\u00e1logo com entidades na formula\u00e7\u00e3o de pol\u00edticas p\u00fablicas durante reuni\u00e3o com representantes da Fieg e de 20 sindicatos O governador Daniel Vilela refor\u00e7ou, nesta segunda-feira (27\/4), a parceria entre o Governo de Goi\u00e1s com o F\u00f3rum Empresarial Goiano e seus diversos setores em prol do crescimento do Estado. A declara\u00e7\u00e3o foi dada durante reuni\u00e3o, em Goi\u00e2nia, com a diretoria da Federa\u00e7\u00e3o das Ind\u00fastrias do Estado de Goi\u00e1s (Fieg) e representantes de mais de 20 sindicatos. \u201cO F\u00f3rum Empresarial sempre teve atua\u00e7\u00e3o e import\u00e2ncia muito grande na cria\u00e7\u00e3o das pol\u00edticas p\u00fablicas do nosso estado ao longo dos anos. Tem grande relev\u00e2ncia na cria\u00e7\u00e3o, na formula\u00e7\u00e3o das pol\u00edticas que fizeram com que Goi\u00e1s chegasse \u00e0 condi\u00e7\u00e3o de refer\u00eancia, de um estado industrializado, que tem um ambiente para atra\u00e7\u00e3o de investimentos muito forte\u201d, declarou Daniel Vilela, ao acrescentar que na condi\u00e7\u00e3o de governador \u201crefor\u00e7o a continuidade dessa \u00f3tima rela\u00e7\u00e3o que j\u00e1 acontecia sob a lideran\u00e7a do ex-governador Ronaldo Caiado\u201d, continuou. O gestor goiano destacou a atua\u00e7\u00e3o das entidades para o desempenho da economia goiana e se colocou \u00e0 disposi\u00e7\u00e3o para conhecer as demandas do setor. \u201cO segredo do sucesso de Goi\u00e1s \u00e9 a boa intera\u00e7\u00e3o entre o setor produtivo e o setor p\u00fablico. Nosso governo tem a determina\u00e7\u00e3o de estar, de forma permanente, ouvindo as entidades representativas e classistas, para construir solu\u00e7\u00f5es. Voc\u00eas que vivem as dificuldades e sabem o que \u00e9 preciso ser feito por parte do Estado\u201d, sublinhou Daniel Vilela. Para o governador, entender as demandas \u00e9 essencial para ampliar a rela\u00e7\u00e3o institucional com as entidades. \u201cPor meio da experi\u00eancia de cada setor, definimos as inova\u00e7\u00f5es e pol\u00edticas a serem adotadas para que o Estado continue avan\u00e7ando. Nosso governo vai buscar sempre induzir e fomentar, para que possamos alcan\u00e7ar sucesso\u201d, frisou. \u201cVamos seguir uma rela\u00e7\u00e3o de transpar\u00eancia, de forma republicana, sempre levando os interesses de Goi\u00e1s \u00e0 frente e, naturalmente, sendo refer\u00eancia como um governo correto\u201d, finalizou. Para o presidente da Fieg, Andr\u00e9 Rocha, \u201co segredo do desenvolvimento do Estado de Goi\u00e1s foi justamente essa intera\u00e7\u00e3o entre o poder p\u00fablico e a iniciativa privada, discutindo de forma clara, transparente, democr\u00e1tica as melhores pol\u00edticas p\u00fablicas para trazer o desenvolvimento ao Estado\u201d. Para ele, Goi\u00e1s \u00e9 uma ilha no Brasil que cresce acima da m\u00e9dia nacional. \u201cEstamos conseguindo trazer investimentos para todas as regi\u00f5es de Goi\u00e1s. Sempre fomos muito bem recebidos pela gest\u00e3o estadual e vamos continuar aprofundando cada uma dessas parcerias para o melhor desenvolvimento de Goi\u00e1s\u201d, assegurou. Fotos: Hegon Correa Legenda: Governador Daniel Vilela participa de f\u00f3rum com empres\u00e1rios goianos e destaca import\u00e2ncia da parceria com o Governo de Goi\u00e1s Secretaria de Comunica\u00e7\u00e3o &#8211; Governo de Goi\u00e1s<\/p>\n","protected":false},"author":2,"featured_media":8910,"comment_status":"open","ping_status":"open","sticky":false,"template":"","format":"standard","meta":{"footnotes":""},"categories":[28],"tags":[],"class_list":["post-8909","post","type-post","status-publish","format-standard","has-post-thumbnail","hentry","category-jornal"],"_links":{"self":[{"href":"https:\/\/deolhonosocial.com.br\/index.php\/wp-json\/wp\/v2\/posts\/8909","targetHints":{"allow":["GET"]}}],"collection":[{"href":"https:\/\/deolhonosocial.com.br\/index.php\/wp-json\/wp\/v2\/posts"}],"about":[{"href":"https:\/\/deolhonosocial.com.br\/index.php\/wp-json\/wp\/v2\/types\/post"}],"author":[{"embeddable":true,"href":"https:\/\/deolhonosocial.com.br\/index.php\/wp-json\/wp\/v2\/users\/2"}],"replies":[{"embeddable":true,"href":"https:\/\/deolhonosocial.com.br\/index.php\/wp-json\/wp\/v2\/comments?post=8909"}],"version-history":[{"count":1,"href":"https:\/\/deolhonosocial.com.br\/index.php\/wp-json\/wp\/v2\/posts\/8909\/revisions"}],"predecessor-version":[{"id":8911,"href":"https:\/\/deolhonosocial.com.br\/index.php\/wp-json\/wp\/v2\/posts\/8909\/revisions\/8911"}],"wp:featuredmedia":[{"embeddable":true,"href":"https:\/\/deolhonosocial.com.br\/index.php\/wp-json\/wp\/v2\/media\/8910"}],"wp:attachment":[{"href":"https:\/\/deolhonosocial.com.br\/index.php\/wp-json\/wp\/v2\/media?parent=8909"}],"wp:term":[{"taxonomy":"category","embeddable":true,"href":"https:\/\/deolhonosocial.com.br\/index.php\/wp-json\/wp\/v2\/categories?post=8909"},{"taxonomy":"post_tag","embeddable":true,"href":"https:\/\/deolhonosocial.com.br\/index.php\/wp-json\/wp\/v2\/tags?post=8909"}],"curies":[{"name":"wp","href":"https:\/\/api.w.org\/{rel}","templated":true}]}}