{"id":8888,"date":"2026-04-26T16:45:51","date_gmt":"2026-04-26T19:45:51","guid":{"rendered":"https:\/\/deolhonosocial.com.br\/?p=8888"},"modified":"2026-04-26T16:45:51","modified_gmt":"2026-04-26T19:45:51","slug":"com-tecnologia-de-ponta-e-acolhimento-cora-torna-goias-referencia-nacional-em-oncologia-pediatrica","status":"publish","type":"post","link":"https:\/\/deolhonosocial.com.br\/index.php\/2026\/04\/26\/com-tecnologia-de-ponta-e-acolhimento-cora-torna-goias-referencia-nacional-em-oncologia-pediatrica\/","title":{"rendered":"Com tecnologia de ponta e acolhimento, Cora torna Goi\u00e1s refer\u00eancia nacional em oncologia pedi\u00e1trica"},"content":{"rendered":"\n<p>Unidade 100% SUS j\u00e1 realizou mais de 60 mil atendimentos, garantindo tratamento especializado pr\u00f3ximo \u00e0 fam\u00edlia e reduzindo a necessidade de deslocamentos para outros estados<\/p>\n\n\n\n<p>O Complexo Oncol\u00f3gico de Refer\u00eancia do Estado de Goi\u00e1s (Cora) completa quase um ano de funcionamento apresentando um novo padr\u00e3o de assist\u00eancia p\u00fablica no Brasil. Com um investimento superior a R$ 255 milh\u00f5es em obra e equipamentos, a unidade especializada em oncologia infantojuvenil j\u00e1 soma mais de 60 mil atendimentos desde junho de 2025, transformando o cen\u00e1rio da sa\u00fade para crian\u00e7as e adolescentes que lutam contra o c\u00e2ncer no Estado.<\/p>\n\n\n\n<p>Titular da Secretaria de Estado da Sa\u00fade (SES), Ras\u00edvel Santos, enfatiza que o Cora \u00e9 uma pol\u00edtica de Estado que prioriza a dignidade e a efici\u00eancia t\u00e9cnica. \u201cA unidade de sa\u00fade nasceu para acabar com o sofrimento das fam\u00edlias que precisavam sair de Goi\u00e1s em busca de cura. Hoje, oferecemos tecnologia de intelig\u00eancia artificial e uma equipe multiprofissional de excel\u00eancia, garantindo que o paciente receba o tratamento, no tempo certo, com a estrutura de um hospital que \u00e9 refer\u00eancia\u201d, afirma.<\/p>\n\n\n\n<p>Humaniza\u00e7\u00e3o<br>Para as m\u00e3es que acompanham o tratamento de seus filhos, o maior diferencial do complexo, al\u00e9m da estrutura hospitalar, \u00e9 o atendimento humanizado e a possibilidade de estar perto de casa. Eliv\u00e2nia dos Passos, moradora de An\u00e1polis, viveu a dura rotina de tratar a filha Laura, de 13 anos, em S\u00e3o Paulo antes da transfer\u00eancia para a unidade goiana.<\/p>\n\n\n\n<p>\u201cFacilita bastante estar mais pr\u00f3ximo de casa e da fam\u00edlia. Eu e ela pass\u00e1vamos sozinhas l\u00e1 em S\u00e3o Paulo. Fui pega de surpresa com a velocidade da transfer\u00eancia; em menos de 20 dias j\u00e1 est\u00e1vamos aqui. Estou me sentindo muito segura, inclusive porque os m\u00e9dicos que deram o diagn\u00f3stico dela tamb\u00e9m atendem aqui\u201d, relata Eliv\u00e2nia.<\/p>\n\n\n\n<p>A percep\u00e7\u00e3o de acolhimento \u00e9 compartilhada por Iara Pereira da Silva, moradora de Aparecida de Goi\u00e2nia, cuja filha Hannah, de 4 anos, trata um cordoma. \u201cSaber que temos essa estrutura traz paz ao nosso cora\u00e7\u00e3o. Como m\u00e3e, voc\u00ea j\u00e1 sai de casa atordoada pela situa\u00e7\u00e3o, mas chegar ao Cora e saber que seu filho ter\u00e1 um tratamento excelente conforta a gente\u201d, destaca Iara.<\/p>\n\n\n\n<p>Estrutura<br>O Cora tem foco em casos de m\u00e9dia e alta complexidade, como leucemias e tumores do sistema nervoso central. A unidade disp\u00f5e de 60 leitos pedi\u00e1tricos, Unidades de Terapia Intensiva (UTIs) especializadas e um centro cir\u00fargico com resson\u00e2ncia magn\u00e9tica intraoperat\u00f3ria, permitindo cirurgias de alt\u00edssima precis\u00e3o.<\/p>\n\n\n\n<p>Al\u00e9m da quimioterapia e cirurgias, o hospital investe pesado na reabilita\u00e7\u00e3o. O pequeno Gael Rodrigues, de 9 anos, que trata um sarcoma na perna h\u00e1 oito meses, \u00e9 um dos beneficiados pela fisioterapia constante. \u201cA gente se sente bem acolhida aqui. Meu filho passa por psic\u00f3logos, faz fisioterapia tr\u00eas vezes por semana e somos sempre muito bem recebidos\u201d, explica a m\u00e3e de Gael, \u00c2ngela Cardoso.<\/p>\n\n\n\n<p>Para pacientes como Yasmin Stephani, de 16 anos, o ambiente l\u00fadico transforma a rotina hospitalar. \u201cOs profissionais s\u00e3o incr\u00edveis, levam tudo na brincadeira e isso ajuda muito. A gente sente at\u00e9 alegria de vir para c\u00e1\u201d, conta a jovem, acompanhada da m\u00e3e, Wniglei Dias, que define o Cora como sua \u201csegunda casa\u201d.<\/p>\n\n\n\n<p>Impacto<br>Gerido pela Funda\u00e7\u00e3o Pio XII (Hospital de Amor), o Cora integra a rede de regionaliza\u00e7\u00e3o da sa\u00fade do Governo de Goi\u00e1s. Al\u00e9m dos atendimentos em Goi\u00e2nia, o complexo atua &#8220;extramuros&#8221; com unidades m\u00f3veis de rastreamento de c\u00e2ncer de mama e pele, levando o diagn\u00f3stico preventivo a todos os munic\u00edpios goianos.<\/p>\n\n\n\n<p>Com capacidade para acolher 300 novos casos anualmente e realizar centenas de quimioterapias e cirurgias eletivas por m\u00eas, \u201co complexo \u00e9 uma demonstra\u00e7\u00e3o do compromisso do Estado em oferecer uma sa\u00fade p\u00fablica justa, tecnol\u00f3gica e, sobretudo, humana\u201d, como avalia o diretor do Cora, Rafael Leandro de Mendon\u00e7a.<\/p>\n","protected":false},"excerpt":{"rendered":"<p>Unidade 100% SUS j\u00e1 realizou mais de 60 mil atendimentos, garantindo tratamento especializado pr\u00f3ximo \u00e0 fam\u00edlia e reduzindo a necessidade de deslocamentos para outros estados O Complexo Oncol\u00f3gico de Refer\u00eancia do Estado de Goi\u00e1s (Cora) completa quase um ano de funcionamento apresentando um novo padr\u00e3o de assist\u00eancia p\u00fablica no Brasil. Com um investimento superior a R$ 255 milh\u00f5es em obra e equipamentos, a unidade especializada em oncologia infantojuvenil j\u00e1 soma mais de 60 mil atendimentos desde junho de 2025, transformando o cen\u00e1rio da sa\u00fade para crian\u00e7as e adolescentes que lutam contra o c\u00e2ncer no Estado. Titular da Secretaria de Estado da Sa\u00fade (SES), Ras\u00edvel Santos, enfatiza que o Cora \u00e9 uma pol\u00edtica de Estado que prioriza a dignidade e a efici\u00eancia t\u00e9cnica. \u201cA unidade de sa\u00fade nasceu para acabar com o sofrimento das fam\u00edlias que precisavam sair de Goi\u00e1s em busca de cura. Hoje, oferecemos tecnologia de intelig\u00eancia artificial e uma equipe multiprofissional de excel\u00eancia, garantindo que o paciente receba o tratamento, no tempo certo, com a estrutura de um hospital que \u00e9 refer\u00eancia\u201d, afirma. Humaniza\u00e7\u00e3oPara as m\u00e3es que acompanham o tratamento de seus filhos, o maior diferencial do complexo, al\u00e9m da estrutura hospitalar, \u00e9 o atendimento humanizado e a possibilidade de estar perto de casa. Eliv\u00e2nia dos Passos, moradora de An\u00e1polis, viveu a dura rotina de tratar a filha Laura, de 13 anos, em S\u00e3o Paulo antes da transfer\u00eancia para a unidade goiana. \u201cFacilita bastante estar mais pr\u00f3ximo de casa e da fam\u00edlia. Eu e ela pass\u00e1vamos sozinhas l\u00e1 em S\u00e3o Paulo. Fui pega de surpresa com a velocidade da transfer\u00eancia; em menos de 20 dias j\u00e1 est\u00e1vamos aqui. Estou me sentindo muito segura, inclusive porque os m\u00e9dicos que deram o diagn\u00f3stico dela tamb\u00e9m atendem aqui\u201d, relata Eliv\u00e2nia. A percep\u00e7\u00e3o de acolhimento \u00e9 compartilhada por Iara Pereira da Silva, moradora de Aparecida de Goi\u00e2nia, cuja filha Hannah, de 4 anos, trata um cordoma. \u201cSaber que temos essa estrutura traz paz ao nosso cora\u00e7\u00e3o. Como m\u00e3e, voc\u00ea j\u00e1 sai de casa atordoada pela situa\u00e7\u00e3o, mas chegar ao Cora e saber que seu filho ter\u00e1 um tratamento excelente conforta a gente\u201d, destaca Iara. EstruturaO Cora tem foco em casos de m\u00e9dia e alta complexidade, como leucemias e tumores do sistema nervoso central. A unidade disp\u00f5e de 60 leitos pedi\u00e1tricos, Unidades de Terapia Intensiva (UTIs) especializadas e um centro cir\u00fargico com resson\u00e2ncia magn\u00e9tica intraoperat\u00f3ria, permitindo cirurgias de alt\u00edssima precis\u00e3o. Al\u00e9m da quimioterapia e cirurgias, o hospital investe pesado na reabilita\u00e7\u00e3o. O pequeno Gael Rodrigues, de 9 anos, que trata um sarcoma na perna h\u00e1 oito meses, \u00e9 um dos beneficiados pela fisioterapia constante. \u201cA gente se sente bem acolhida aqui. Meu filho passa por psic\u00f3logos, faz fisioterapia tr\u00eas vezes por semana e somos sempre muito bem recebidos\u201d, explica a m\u00e3e de Gael, \u00c2ngela Cardoso. Para pacientes como Yasmin Stephani, de 16 anos, o ambiente l\u00fadico transforma a rotina hospitalar. \u201cOs profissionais s\u00e3o incr\u00edveis, levam tudo na brincadeira e isso ajuda muito. A gente sente at\u00e9 alegria de vir para c\u00e1\u201d, conta a jovem, acompanhada da m\u00e3e, Wniglei Dias, que define o Cora como sua \u201csegunda casa\u201d. ImpactoGerido pela Funda\u00e7\u00e3o Pio XII (Hospital de Amor), o Cora integra a rede de regionaliza\u00e7\u00e3o da sa\u00fade do Governo de Goi\u00e1s. Al\u00e9m dos atendimentos em Goi\u00e2nia, o complexo atua &#8220;extramuros&#8221; com unidades m\u00f3veis de rastreamento de c\u00e2ncer de mama e pele, levando o diagn\u00f3stico preventivo a todos os munic\u00edpios goianos. Com capacidade para acolher 300 novos casos anualmente e realizar centenas de quimioterapias e cirurgias eletivas por m\u00eas, \u201co complexo \u00e9 uma demonstra\u00e7\u00e3o do compromisso do Estado em oferecer uma sa\u00fade p\u00fablica justa, tecnol\u00f3gica e, sobretudo, humana\u201d, como avalia o diretor do Cora, Rafael Leandro de Mendon\u00e7a.<\/p>\n","protected":false},"author":1,"featured_media":8889,"comment_status":"open","ping_status":"open","sticky":false,"template":"","format":"standard","meta":{"footnotes":""},"categories":[28],"tags":[],"class_list":["post-8888","post","type-post","status-publish","format-standard","has-post-thumbnail","hentry","category-jornal"],"_links":{"self":[{"href":"https:\/\/deolhonosocial.com.br\/index.php\/wp-json\/wp\/v2\/posts\/8888","targetHints":{"allow":["GET"]}}],"collection":[{"href":"https:\/\/deolhonosocial.com.br\/index.php\/wp-json\/wp\/v2\/posts"}],"about":[{"href":"https:\/\/deolhonosocial.com.br\/index.php\/wp-json\/wp\/v2\/types\/post"}],"author":[{"embeddable":true,"href":"https:\/\/deolhonosocial.com.br\/index.php\/wp-json\/wp\/v2\/users\/1"}],"replies":[{"embeddable":true,"href":"https:\/\/deolhonosocial.com.br\/index.php\/wp-json\/wp\/v2\/comments?post=8888"}],"version-history":[{"count":1,"href":"https:\/\/deolhonosocial.com.br\/index.php\/wp-json\/wp\/v2\/posts\/8888\/revisions"}],"predecessor-version":[{"id":8890,"href":"https:\/\/deolhonosocial.com.br\/index.php\/wp-json\/wp\/v2\/posts\/8888\/revisions\/8890"}],"wp:featuredmedia":[{"embeddable":true,"href":"https:\/\/deolhonosocial.com.br\/index.php\/wp-json\/wp\/v2\/media\/8889"}],"wp:attachment":[{"href":"https:\/\/deolhonosocial.com.br\/index.php\/wp-json\/wp\/v2\/media?parent=8888"}],"wp:term":[{"taxonomy":"category","embeddable":true,"href":"https:\/\/deolhonosocial.com.br\/index.php\/wp-json\/wp\/v2\/categories?post=8888"},{"taxonomy":"post_tag","embeddable":true,"href":"https:\/\/deolhonosocial.com.br\/index.php\/wp-json\/wp\/v2\/tags?post=8888"}],"curies":[{"name":"wp","href":"https:\/\/api.w.org\/{rel}","templated":true}]}}