{"id":8882,"date":"2026-04-26T16:40:27","date_gmt":"2026-04-26T19:40:27","guid":{"rendered":"https:\/\/deolhonosocial.com.br\/?p=8882"},"modified":"2026-04-26T16:40:28","modified_gmt":"2026-04-26T19:40:28","slug":"mutirao-da-prefeitura-de-aparecida-atende-10-mil-pessoas-no-jardim-tiradentes","status":"publish","type":"post","link":"https:\/\/deolhonosocial.com.br\/index.php\/2026\/04\/26\/mutirao-da-prefeitura-de-aparecida-atende-10-mil-pessoas-no-jardim-tiradentes\/","title":{"rendered":"Mutir\u00e3o da Prefeitura de Aparecida atende 10 mil pessoas no Jardim Tiradentes"},"content":{"rendered":"\n<p>Prefeito Vilela a participou da a\u00e7\u00e3o neste s\u00e1bado (25), conversou com moradores e acompanhou os atendimentos realizados na Escola Municipal Valdir Gon\u00e7alves<\/p>\n\n\n\n<p>O prefeito Leandro Vilela participou, na manh\u00e3 deste s\u00e1bado, 25 de abril, do 13\u00ba Mutir\u00e3o de Aparecida, realizado na Escola Municipal Valdir Gon\u00e7alves, no Jardim Tiradentes. A a\u00e7\u00e3o atendeu presencialmente quase 10 mil pessoas e reuniu mais de 100 servi\u00e7os gratuitos nas \u00e1reas de sa\u00fade, assist\u00eancia social, cidadania, emprego e orienta\u00e7\u00e3o jur\u00eddica, al\u00e9m de atividades culturais e educativas. O mutir\u00e3o tamb\u00e9m integrou a programa\u00e7\u00e3o de anivers\u00e1rio do bairro.<\/p>\n\n\n\n<p>Durante o evento, o prefeito destacou a presen\u00e7a da Prefeitura na regi\u00e3o ao longo da semana, com a\u00e7\u00f5es de zeladoria, a realiza\u00e7\u00e3o das festividades de anivers\u00e1rio do bairro e, agora, a oferta de servi\u00e7os \u00e0 popula\u00e7\u00e3o.<\/p>\n\n\n\n<p>\u201cO importante aqui \u00e9 a entrega \u00e0 popula\u00e7\u00e3o. N\u00f3s estamos aqui na regi\u00e3o j\u00e1 tem alguns dias, com mutir\u00e3o de limpeza, realizamos a festa de anivers\u00e1rio do Jardim Tiradentes no dia 21, com a participa\u00e7\u00e3o da comunidade, e hoje estamos aqui com esse mutir\u00e3o de presta\u00e7\u00e3o de servi\u00e7os. Tudo isso \u00e9 poss\u00edvel pela parceria com a Prefeitura, o Governo do Estado e C\u00e2mara Municipal. Aparecida \u00e9 uma cidade que passou por um grande processo de transforma\u00e7\u00e3o ao longo dos anos, iniciado pelo saudoso Maguito Vilela, e seguimos trabalhando para avan\u00e7ar ainda mais, levando benef\u00edcios para todas as regi\u00f5es\u201d, afirmou.<\/p>\n\n\n\n<p>Ao longo do dia, os moradores tiveram acesso a atendimentos na \u00e1rea da sa\u00fade, com consultas, vacina\u00e7\u00e3o, testes r\u00e1pidos e orienta\u00e7\u00f5es, al\u00e9m de servi\u00e7os do Cadastro \u00danico, emiss\u00e3o de documentos, atendimentos jur\u00eddicos e suporte em demandas relacionadas \u00e0 assist\u00eancia social.<\/p>\n\n\n\n<p>A moradora Carolyne Ferreira, do Jardim Alto Para\u00edso, aproveitou os servi\u00e7os dispon\u00edveis no mutir\u00e3o e destacou a import\u00e2ncia da a\u00e7\u00e3o. \u201cVim me vacinar e meu namorado aproveitou o atendimento com oftalmologista. \u00c9 muito importante o mutir\u00e3o estar mais perto da gente, porque durante a semana estamos trabalhando e nem sempre conseguimos ir at\u00e9 os \u00f3rg\u00e3os p\u00fablicos\u201d, relatou.<\/p>\n\n\n\n<p>Na \u00e1rea econ\u00f4mica e de empregabilidade, a Secretaria de Trabalho disponibilizou vagas de emprego, cadastro para jovem aprendiz, orienta\u00e7\u00e3o profissional e elabora\u00e7\u00e3o de curr\u00edculos. J\u00e1 a Secretaria da Fazenda realizou atendimentos voltados \u00e0 regulariza\u00e7\u00e3o de tributos municipais.<\/p>\n\n\n\n<p>O mutir\u00e3o tamb\u00e9m contou com a realiza\u00e7\u00e3o do Dia do Cooperativismo, promovido em parceria com o Sistema OCB\/GO, que levou uma s\u00e9rie de servi\u00e7os e atividades complementares para a popula\u00e7\u00e3o. A a\u00e7\u00e3o reuniu cooperativas com oferta de oficinas de educa\u00e7\u00e3o financeira, atendimentos de sa\u00fade, orienta\u00e7\u00f5es e outras iniciativas, ampliando o alcance dos servi\u00e7os j\u00e1 disponibilizados pela Prefeitura.<\/p>\n\n\n\n<p>Outro destaque foi a presen\u00e7a do programa PATA, com o Castram\u00f3vel, que realizou castra\u00e7\u00f5es gratuitas de c\u00e3es previamente cadastrados. A a\u00e7\u00e3o contou com o apoio do deputado estadual Veter Martins, respons\u00e1vel pela destina\u00e7\u00e3o do equipamento, e resultou na castra\u00e7\u00e3o de 60 c\u00e3es nesta edi\u00e7\u00e3o, ampliando o acesso da popula\u00e7\u00e3o aos servi\u00e7os de cuidado e bem-estar animal.<\/p>\n\n\n\n<p>O secret\u00e1rio Jefferson Ferreira destacou o alcance da a\u00e7\u00e3o e o impacto direto na regi\u00e3o. \u201cO mutir\u00e3o atendeu presencialmente quase 10 mil pessoas e, de forma indireta, alcan\u00e7a mais de 40 mil moradores que vivem na regi\u00e3o do Jardim Tiradentes e bairros adjacentes. Essa \u00e9 uma forma que a Prefeitura encontrou de estar mais pr\u00f3xima da popula\u00e7\u00e3o, levando servi\u00e7os essenciais para perto de quem mais precisa. A a\u00e7\u00e3o vem sendo realizada mensalmente desde o in\u00edcio da gest\u00e3o do prefeito Leandro Vilela e j\u00e1 est\u00e1 na sua 13\u00aa edi\u00e7\u00e3o\u201d, ressaltou.<\/p>\n\n\n\n<p>O vereador Rosinaldo Boy falou em nome dos parlamentares presentes e destacou a import\u00e2ncia da realiza\u00e7\u00e3o do mutir\u00e3o no bairro. \u201cQuero agradecer \u00e0 gest\u00e3o do prefeito Vilela por trazer esse mutir\u00e3o para o Jardim Tiradentes, que tamb\u00e9m \u00e9 uma forma de comemorar o anivers\u00e1rio do bairro, beneficiando a popula\u00e7\u00e3o com centenas de atendimentos e servi\u00e7os.\u201d, afirmou.<\/p>\n\n\n\n<p>Al\u00e9m dos atendimentos diretos, o mutir\u00e3o com servi\u00e7os de zeladoria realizados previamente na regi\u00e3o, como limpeza urbana, ro\u00e7agem e retirada de entulhos, troca de l\u00e2mpadas, tapa buraco e sinaliza\u00e7\u00e3o.<\/p>\n\n\n\n<p>Participaram do mutir\u00e3o, al\u00e9m do prefeito, secret\u00e1rios municipais, delgado Waldir, deputado estadual Veter Martins e vereadores que representam a regi\u00e3o, como Domingos Rodrigues e professor Crusemar, al\u00e9m dos vereadores Isaac Martins, Diogo Tuf\u00e3o e Thales de Castro.<\/p>\n","protected":false},"excerpt":{"rendered":"<p>Prefeito Vilela a participou da a\u00e7\u00e3o neste s\u00e1bado (25), conversou com moradores e acompanhou os atendimentos realizados na Escola Municipal Valdir Gon\u00e7alves O prefeito Leandro Vilela participou, na manh\u00e3 deste s\u00e1bado, 25 de abril, do 13\u00ba Mutir\u00e3o de Aparecida, realizado na Escola Municipal Valdir Gon\u00e7alves, no Jardim Tiradentes. A a\u00e7\u00e3o atendeu presencialmente quase 10 mil pessoas e reuniu mais de 100 servi\u00e7os gratuitos nas \u00e1reas de sa\u00fade, assist\u00eancia social, cidadania, emprego e orienta\u00e7\u00e3o jur\u00eddica, al\u00e9m de atividades culturais e educativas. O mutir\u00e3o tamb\u00e9m integrou a programa\u00e7\u00e3o de anivers\u00e1rio do bairro. Durante o evento, o prefeito destacou a presen\u00e7a da Prefeitura na regi\u00e3o ao longo da semana, com a\u00e7\u00f5es de zeladoria, a realiza\u00e7\u00e3o das festividades de anivers\u00e1rio do bairro e, agora, a oferta de servi\u00e7os \u00e0 popula\u00e7\u00e3o. \u201cO importante aqui \u00e9 a entrega \u00e0 popula\u00e7\u00e3o. N\u00f3s estamos aqui na regi\u00e3o j\u00e1 tem alguns dias, com mutir\u00e3o de limpeza, realizamos a festa de anivers\u00e1rio do Jardim Tiradentes no dia 21, com a participa\u00e7\u00e3o da comunidade, e hoje estamos aqui com esse mutir\u00e3o de presta\u00e7\u00e3o de servi\u00e7os. Tudo isso \u00e9 poss\u00edvel pela parceria com a Prefeitura, o Governo do Estado e C\u00e2mara Municipal. Aparecida \u00e9 uma cidade que passou por um grande processo de transforma\u00e7\u00e3o ao longo dos anos, iniciado pelo saudoso Maguito Vilela, e seguimos trabalhando para avan\u00e7ar ainda mais, levando benef\u00edcios para todas as regi\u00f5es\u201d, afirmou. Ao longo do dia, os moradores tiveram acesso a atendimentos na \u00e1rea da sa\u00fade, com consultas, vacina\u00e7\u00e3o, testes r\u00e1pidos e orienta\u00e7\u00f5es, al\u00e9m de servi\u00e7os do Cadastro \u00danico, emiss\u00e3o de documentos, atendimentos jur\u00eddicos e suporte em demandas relacionadas \u00e0 assist\u00eancia social. A moradora Carolyne Ferreira, do Jardim Alto Para\u00edso, aproveitou os servi\u00e7os dispon\u00edveis no mutir\u00e3o e destacou a import\u00e2ncia da a\u00e7\u00e3o. \u201cVim me vacinar e meu namorado aproveitou o atendimento com oftalmologista. \u00c9 muito importante o mutir\u00e3o estar mais perto da gente, porque durante a semana estamos trabalhando e nem sempre conseguimos ir at\u00e9 os \u00f3rg\u00e3os p\u00fablicos\u201d, relatou. Na \u00e1rea econ\u00f4mica e de empregabilidade, a Secretaria de Trabalho disponibilizou vagas de emprego, cadastro para jovem aprendiz, orienta\u00e7\u00e3o profissional e elabora\u00e7\u00e3o de curr\u00edculos. J\u00e1 a Secretaria da Fazenda realizou atendimentos voltados \u00e0 regulariza\u00e7\u00e3o de tributos municipais. O mutir\u00e3o tamb\u00e9m contou com a realiza\u00e7\u00e3o do Dia do Cooperativismo, promovido em parceria com o Sistema OCB\/GO, que levou uma s\u00e9rie de servi\u00e7os e atividades complementares para a popula\u00e7\u00e3o. A a\u00e7\u00e3o reuniu cooperativas com oferta de oficinas de educa\u00e7\u00e3o financeira, atendimentos de sa\u00fade, orienta\u00e7\u00f5es e outras iniciativas, ampliando o alcance dos servi\u00e7os j\u00e1 disponibilizados pela Prefeitura. Outro destaque foi a presen\u00e7a do programa PATA, com o Castram\u00f3vel, que realizou castra\u00e7\u00f5es gratuitas de c\u00e3es previamente cadastrados. A a\u00e7\u00e3o contou com o apoio do deputado estadual Veter Martins, respons\u00e1vel pela destina\u00e7\u00e3o do equipamento, e resultou na castra\u00e7\u00e3o de 60 c\u00e3es nesta edi\u00e7\u00e3o, ampliando o acesso da popula\u00e7\u00e3o aos servi\u00e7os de cuidado e bem-estar animal. O secret\u00e1rio Jefferson Ferreira destacou o alcance da a\u00e7\u00e3o e o impacto direto na regi\u00e3o. \u201cO mutir\u00e3o atendeu presencialmente quase 10 mil pessoas e, de forma indireta, alcan\u00e7a mais de 40 mil moradores que vivem na regi\u00e3o do Jardim Tiradentes e bairros adjacentes. Essa \u00e9 uma forma que a Prefeitura encontrou de estar mais pr\u00f3xima da popula\u00e7\u00e3o, levando servi\u00e7os essenciais para perto de quem mais precisa. A a\u00e7\u00e3o vem sendo realizada mensalmente desde o in\u00edcio da gest\u00e3o do prefeito Leandro Vilela e j\u00e1 est\u00e1 na sua 13\u00aa edi\u00e7\u00e3o\u201d, ressaltou. O vereador Rosinaldo Boy falou em nome dos parlamentares presentes e destacou a import\u00e2ncia da realiza\u00e7\u00e3o do mutir\u00e3o no bairro. \u201cQuero agradecer \u00e0 gest\u00e3o do prefeito Vilela por trazer esse mutir\u00e3o para o Jardim Tiradentes, que tamb\u00e9m \u00e9 uma forma de comemorar o anivers\u00e1rio do bairro, beneficiando a popula\u00e7\u00e3o com centenas de atendimentos e servi\u00e7os.\u201d, afirmou. Al\u00e9m dos atendimentos diretos, o mutir\u00e3o com servi\u00e7os de zeladoria realizados previamente na regi\u00e3o, como limpeza urbana, ro\u00e7agem e retirada de entulhos, troca de l\u00e2mpadas, tapa buraco e sinaliza\u00e7\u00e3o. Participaram do mutir\u00e3o, al\u00e9m do prefeito, secret\u00e1rios municipais, delgado Waldir, deputado estadual Veter Martins e vereadores que representam a regi\u00e3o, como Domingos Rodrigues e professor Crusemar, al\u00e9m dos vereadores Isaac Martins, Diogo Tuf\u00e3o e Thales de Castro.<\/p>\n","protected":false},"author":1,"featured_media":8883,"comment_status":"open","ping_status":"open","sticky":false,"template":"","format":"standard","meta":{"footnotes":""},"categories":[28],"tags":[],"class_list":["post-8882","post","type-post","status-publish","format-standard","has-post-thumbnail","hentry","category-jornal"],"_links":{"self":[{"href":"https:\/\/deolhonosocial.com.br\/index.php\/wp-json\/wp\/v2\/posts\/8882","targetHints":{"allow":["GET"]}}],"collection":[{"href":"https:\/\/deolhonosocial.com.br\/index.php\/wp-json\/wp\/v2\/posts"}],"about":[{"href":"https:\/\/deolhonosocial.com.br\/index.php\/wp-json\/wp\/v2\/types\/post"}],"author":[{"embeddable":true,"href":"https:\/\/deolhonosocial.com.br\/index.php\/wp-json\/wp\/v2\/users\/1"}],"replies":[{"embeddable":true,"href":"https:\/\/deolhonosocial.com.br\/index.php\/wp-json\/wp\/v2\/comments?post=8882"}],"version-history":[{"count":1,"href":"https:\/\/deolhonosocial.com.br\/index.php\/wp-json\/wp\/v2\/posts\/8882\/revisions"}],"predecessor-version":[{"id":8884,"href":"https:\/\/deolhonosocial.com.br\/index.php\/wp-json\/wp\/v2\/posts\/8882\/revisions\/8884"}],"wp:featuredmedia":[{"embeddable":true,"href":"https:\/\/deolhonosocial.com.br\/index.php\/wp-json\/wp\/v2\/media\/8883"}],"wp:attachment":[{"href":"https:\/\/deolhonosocial.com.br\/index.php\/wp-json\/wp\/v2\/media?parent=8882"}],"wp:term":[{"taxonomy":"category","embeddable":true,"href":"https:\/\/deolhonosocial.com.br\/index.php\/wp-json\/wp\/v2\/categories?post=8882"},{"taxonomy":"post_tag","embeddable":true,"href":"https:\/\/deolhonosocial.com.br\/index.php\/wp-json\/wp\/v2\/tags?post=8882"}],"curies":[{"name":"wp","href":"https:\/\/api.w.org\/{rel}","templated":true}]}}