{"id":8873,"date":"2026-04-26T16:32:37","date_gmt":"2026-04-26T19:32:37","guid":{"rendered":"https:\/\/deolhonosocial.com.br\/?p=8873"},"modified":"2026-04-26T16:35:05","modified_gmt":"2026-04-26T19:35:05","slug":"mabel-lanca-campanha-do-imposto-de-renda-solidario-para-ampliar-recursos-a-projetos-sociais-em-goiania","status":"publish","type":"post","link":"https:\/\/deolhonosocial.com.br\/index.php\/2026\/04\/26\/mabel-lanca-campanha-do-imposto-de-renda-solidario-para-ampliar-recursos-a-projetos-sociais-em-goiania\/","title":{"rendered":"Mabel lan\u00e7a campanha do Imposto de Renda Solid\u00e1rio para ampliar recursos a projetos sociais em Goi\u00e2nia"},"content":{"rendered":"\n<p>Contribuintes podem direcionar at\u00e9 6% do imposto devido aos fundos da crian\u00e7a, do adolescente e da pessoa idosa, sem custo adicional, diretamente na declara\u00e7\u00e3o<\/p>\n\n\n\n<p>O prefeito Sandro Mabel lan\u00e7ou, nesta sexta-feira (24\/4), a campanha do Imposto de Renda Solid\u00e1rio 2026, em solenidade no Pa\u00e7o Municipal. A iniciativa busca ampliar a participa\u00e7\u00e3o dos contribuintes e elevar os recursos destinados aos Fundos Municipais da Crian\u00e7a e do Adolescente e da Pessoa Idosa. A expectativa da gest\u00e3o \u00e9 superar o volume de destina\u00e7\u00f5es registrado no ano passado.<\/p>\n\n\n\n<p>A campanha \u00e9 realizada em parceria com o Conselho Regional de Contabilidade de Goi\u00e1s, a Receita Federal do Brasil, o Minist\u00e9rio P\u00fablico do Estado de Goi\u00e1s e a Procuradoria-Geral da Fazenda Nacional. O mecanismo permite que contribuintes destinem parte do imposto devido a projetos sociais, sem custo adicional.<\/p>\n\n\n\n<p>\u201cQuando voc\u00ea estiver fechando o Imposto de Renda, no resumo da declara\u00e7\u00e3o, aparece a op\u00e7\u00e3o de destinar. \u00c9 um clique. Voc\u00ea pode direcionar at\u00e9 6% do imposto, 3% para o fundo do idoso e 3% para o da crian\u00e7a e do adolescente. Esse dinheiro n\u00e3o custa nada a mais para o contribuinte e ajuda diretamente projetos aqui em Goi\u00e2nia\u201d, explicou Mabel.<\/p>\n\n\n\n<p>O prefeito ressaltou a mobiliza\u00e7\u00e3o do poder p\u00fablico para ampliar as destina\u00e7\u00f5es do imposto. \u201cEstamos pedindo aos servidores da prefeitura, da C\u00e2mara e a outros \u00f3rg\u00e3os que fa\u00e7am a destina\u00e7\u00e3o. \u00c9 um movimento coletivo que pode ampliar muito os recursos e melhorar a vida de muitas pessoas que precisam\u201d, afirmou.<\/p>\n\n\n\n<p>De acordo com o presidente do Conselho Regional de Contabilidade de Goi\u00e1s, Marcelo Cordeiro, Goi\u00e2nia tem capacidade para destinar mais de R$ 60 milh\u00f5es. \u201cO munic\u00edpio ainda aproveita uma parcela pequena desse total. Parte desse valor acaba n\u00e3o ficando no munic\u00edpio por falta de indica\u00e7\u00e3o na declara\u00e7\u00e3o. Nosso trabalho, junto com a prefeitura e os contadores, \u00e9 orientar e incentivar para que esse recurso permane\u00e7a aqui e fortale\u00e7a as institui\u00e7\u00f5es que atendem crian\u00e7as e idosos\u201d, pontuou.<\/p>\n\n\n\n<p>Tamb\u00e9m participaram da solenidade o vice-presidente da Junta Comercial do Estado de Goi\u00e1s (Juceg), Francisco Canind\u00e9, a secret\u00e1ria municipal de Pol\u00edticas para as Mulheres, Assist\u00eancia Social e Direitos Humanos (Semasdh), Erizania Freitas, o deputado estadual Ricardo Quirino, e o vereador Anselmo Pereira, entre outras autoridades.<\/p>\n\n\n\n<p>Como destinar o Imposto de Renda<\/p>\n\n\n\n<p>O contribuinte pode fazer a destina\u00e7\u00e3o diretamente na declara\u00e7\u00e3o do Imposto de Renda, de forma simples e r\u00e1pida:<\/p>\n\n\n\n<p>\u2022Acesse a ficha \u201cDoa\u00e7\u00f5es Diretamente na Declara\u00e7\u00e3o\u201d;<br>\u2022Escolha o fundo municipal (Crian\u00e7a e Adolescente ou Pessoa Idosa);<br>\u2022Informe o valor \u2014 o pr\u00f3prio sistema calcula o limite permitido (at\u00e9 6% do imposto devido);<br>\u2022Gere e pague o DARF da doa\u00e7\u00e3o dentro do prazo da declara\u00e7\u00e3o;<br>\u2022O valor ser\u00e1 abatido do imposto devido ou da restitui\u00e7\u00e3o.<\/p>\n\n\n\n<p>O procedimento \u00e9 autom\u00e1tico e n\u00e3o altera o valor total a pagar ou a restituir \u2014 apenas direciona parte do imposto para projetos sociais no munic\u00edpio.<\/p>\n","protected":false},"excerpt":{"rendered":"<p>Contribuintes podem direcionar at\u00e9 6% do imposto devido aos fundos da crian\u00e7a, do adolescente e da pessoa idosa, sem custo adicional, diretamente na declara\u00e7\u00e3o O prefeito Sandro Mabel lan\u00e7ou, nesta sexta-feira (24\/4), a campanha do Imposto de Renda Solid\u00e1rio 2026, em solenidade no Pa\u00e7o Municipal. A iniciativa busca ampliar a participa\u00e7\u00e3o dos contribuintes e elevar os recursos destinados aos Fundos Municipais da Crian\u00e7a e do Adolescente e da Pessoa Idosa. A expectativa da gest\u00e3o \u00e9 superar o volume de destina\u00e7\u00f5es registrado no ano passado. A campanha \u00e9 realizada em parceria com o Conselho Regional de Contabilidade de Goi\u00e1s, a Receita Federal do Brasil, o Minist\u00e9rio P\u00fablico do Estado de Goi\u00e1s e a Procuradoria-Geral da Fazenda Nacional. O mecanismo permite que contribuintes destinem parte do imposto devido a projetos sociais, sem custo adicional. \u201cQuando voc\u00ea estiver fechando o Imposto de Renda, no resumo da declara\u00e7\u00e3o, aparece a op\u00e7\u00e3o de destinar. \u00c9 um clique. Voc\u00ea pode direcionar at\u00e9 6% do imposto, 3% para o fundo do idoso e 3% para o da crian\u00e7a e do adolescente. Esse dinheiro n\u00e3o custa nada a mais para o contribuinte e ajuda diretamente projetos aqui em Goi\u00e2nia\u201d, explicou Mabel. O prefeito ressaltou a mobiliza\u00e7\u00e3o do poder p\u00fablico para ampliar as destina\u00e7\u00f5es do imposto. \u201cEstamos pedindo aos servidores da prefeitura, da C\u00e2mara e a outros \u00f3rg\u00e3os que fa\u00e7am a destina\u00e7\u00e3o. \u00c9 um movimento coletivo que pode ampliar muito os recursos e melhorar a vida de muitas pessoas que precisam\u201d, afirmou. De acordo com o presidente do Conselho Regional de Contabilidade de Goi\u00e1s, Marcelo Cordeiro, Goi\u00e2nia tem capacidade para destinar mais de R$ 60 milh\u00f5es. \u201cO munic\u00edpio ainda aproveita uma parcela pequena desse total. Parte desse valor acaba n\u00e3o ficando no munic\u00edpio por falta de indica\u00e7\u00e3o na declara\u00e7\u00e3o. Nosso trabalho, junto com a prefeitura e os contadores, \u00e9 orientar e incentivar para que esse recurso permane\u00e7a aqui e fortale\u00e7a as institui\u00e7\u00f5es que atendem crian\u00e7as e idosos\u201d, pontuou. Tamb\u00e9m participaram da solenidade o vice-presidente da Junta Comercial do Estado de Goi\u00e1s (Juceg), Francisco Canind\u00e9, a secret\u00e1ria municipal de Pol\u00edticas para as Mulheres, Assist\u00eancia Social e Direitos Humanos (Semasdh), Erizania Freitas, o deputado estadual Ricardo Quirino, e o vereador Anselmo Pereira, entre outras autoridades. Como destinar o Imposto de Renda O contribuinte pode fazer a destina\u00e7\u00e3o diretamente na declara\u00e7\u00e3o do Imposto de Renda, de forma simples e r\u00e1pida: \u2022Acesse a ficha \u201cDoa\u00e7\u00f5es Diretamente na Declara\u00e7\u00e3o\u201d;\u2022Escolha o fundo municipal (Crian\u00e7a e Adolescente ou Pessoa Idosa);\u2022Informe o valor \u2014 o pr\u00f3prio sistema calcula o limite permitido (at\u00e9 6% do imposto devido);\u2022Gere e pague o DARF da doa\u00e7\u00e3o dentro do prazo da declara\u00e7\u00e3o;\u2022O valor ser\u00e1 abatido do imposto devido ou da restitui\u00e7\u00e3o. O procedimento \u00e9 autom\u00e1tico e n\u00e3o altera o valor total a pagar ou a restituir \u2014 apenas direciona parte do imposto para projetos sociais no munic\u00edpio.<\/p>\n","protected":false},"author":1,"featured_media":8875,"comment_status":"open","ping_status":"open","sticky":false,"template":"","format":"standard","meta":{"footnotes":""},"categories":[28],"tags":[],"class_list":["post-8873","post","type-post","status-publish","format-standard","has-post-thumbnail","hentry","category-jornal"],"_links":{"self":[{"href":"https:\/\/deolhonosocial.com.br\/index.php\/wp-json\/wp\/v2\/posts\/8873","targetHints":{"allow":["GET"]}}],"collection":[{"href":"https:\/\/deolhonosocial.com.br\/index.php\/wp-json\/wp\/v2\/posts"}],"about":[{"href":"https:\/\/deolhonosocial.com.br\/index.php\/wp-json\/wp\/v2\/types\/post"}],"author":[{"embeddable":true,"href":"https:\/\/deolhonosocial.com.br\/index.php\/wp-json\/wp\/v2\/users\/1"}],"replies":[{"embeddable":true,"href":"https:\/\/deolhonosocial.com.br\/index.php\/wp-json\/wp\/v2\/comments?post=8873"}],"version-history":[{"count":1,"href":"https:\/\/deolhonosocial.com.br\/index.php\/wp-json\/wp\/v2\/posts\/8873\/revisions"}],"predecessor-version":[{"id":8874,"href":"https:\/\/deolhonosocial.com.br\/index.php\/wp-json\/wp\/v2\/posts\/8873\/revisions\/8874"}],"wp:featuredmedia":[{"embeddable":true,"href":"https:\/\/deolhonosocial.com.br\/index.php\/wp-json\/wp\/v2\/media\/8875"}],"wp:attachment":[{"href":"https:\/\/deolhonosocial.com.br\/index.php\/wp-json\/wp\/v2\/media?parent=8873"}],"wp:term":[{"taxonomy":"category","embeddable":true,"href":"https:\/\/deolhonosocial.com.br\/index.php\/wp-json\/wp\/v2\/categories?post=8873"},{"taxonomy":"post_tag","embeddable":true,"href":"https:\/\/deolhonosocial.com.br\/index.php\/wp-json\/wp\/v2\/tags?post=8873"}],"curies":[{"name":"wp","href":"https:\/\/api.w.org\/{rel}","templated":true}]}}