{"id":8870,"date":"2026-04-26T16:30:59","date_gmt":"2026-04-26T19:30:59","guid":{"rendered":"https:\/\/deolhonosocial.com.br\/?p=8870"},"modified":"2026-04-26T16:30:59","modified_gmt":"2026-04-26T19:30:59","slug":"projeto-domingo-tem-teatro-promove-cultura-inclusao-e-acessibilidade-na-rua-do-lazer","status":"publish","type":"post","link":"https:\/\/deolhonosocial.com.br\/index.php\/2026\/04\/26\/projeto-domingo-tem-teatro-promove-cultura-inclusao-e-acessibilidade-na-rua-do-lazer\/","title":{"rendered":"Projeto Domingo Tem Teatro promove cultura, inclus\u00e3o e acessibilidade na Rua do Lazer"},"content":{"rendered":"\n<p>Projeto Domingo Tem Teatro promove cultura, inclus\u00e3o e acessibilidade na Rua do Lazer<\/p>\n\n\n\n<p>Evento gratuito re\u00fane espet\u00e1culo infantil, feira de empreendedorismo mirim e atividades recreativas no Teatro Carlos Moreira, no Centro de Goi\u00e2nia<\/p>\n\n\n\n<p>A Prefeitura de Goi\u00e2nia, por meio da Secretaria Municipal de Cultura (Secult), promove, neste domingo (26\/4), a 3\u00aa edi\u00e7\u00e3o do projeto Domingo Tem Teatro \u2013 Comunica\u00e7\u00e3o e Acessibilidade, que leva cultura, lazer e inclus\u00e3o para toda a fam\u00edlia para a Rua do Lazer, em Goi\u00e2nia. A programa\u00e7\u00e3o ser\u00e1 realizada a partir das 9h, no Teatro Carlos Moreira, centro da capital.<\/p>\n\n\n\n<p>Em cena, o p\u00fablico acompanha uma turma muito especial, onde cada personagem representa uma realidade \u00fanica. Luna, uma menina autista cheia de imagina\u00e7\u00e3o; Pedro, com s\u00edndrome de Down, dono de uma alegria contagiante; Zezin, cadeirante que transforma desafios em supera\u00e7\u00e3o; Sofia, uma jovem surda que nos ensina novas formas de comunica\u00e7\u00e3o; e Bruno, com defici\u00eancia visual, que mostra que o essencial vai al\u00e9m do olhar. Ao lado deles, Mylena surge como s\u00edmbolo do acolhimento, do amor e da conviv\u00eancia respeitosa.<\/p>\n\n\n\n<p>O evento conta com a participa\u00e7\u00e3o especial da Band FM, que promove recrea\u00e7\u00e3o animada na \u00e1rea externa, com brincadeiras, distribui\u00e7\u00e3o de brindes, algod\u00e3o doce e pipoca, al\u00e9m de apresentar ao p\u00fablico a evolu\u00e7\u00e3o do r\u00e1dio de forma interativa e educativa. Um dos destaques da programa\u00e7\u00e3o \u00e9 o espet\u00e1culo infantil Turminha da Inclus\u00e3o, idealizado por Brunno Karvalho, que aborda, de forma l\u00fadica e educativa, temas como acessibilidade e respeito \u00e0s diferen\u00e7as.<\/p>\n\n\n\n<p>A manh\u00e3 cultural tamb\u00e9m contar\u00e1 com a Feira do Empreendedor Mirim, incentivando o protagonismo infantil e o desenvolvimento de habilidades empreendedoras desde cedo. As apresenta\u00e7\u00f5es acontecem \u00e0s 9h30 e \u00e0s 10h30, mediante reserva antecipada pelos contatos (62) 99974-7349 e (62) 99142-6714 Ou pelo link:<br><a href=\"https:\/\/wa.me\/5562999747349?text=Quero%20adquirir%20meu%20ingresso%20para%20o%20Domingo%20Tem%20Teatro\">https:\/\/wa.me\/5562999747349?text=Quero%20adquirir%20meu%20ingresso%20para%20o%20Domingo%20Tem%20Teatro<\/a><\/p>\n","protected":false},"excerpt":{"rendered":"<p>Projeto Domingo Tem Teatro promove cultura, inclus\u00e3o e acessibilidade na Rua do Lazer Evento gratuito re\u00fane espet\u00e1culo infantil, feira de empreendedorismo mirim e atividades recreativas no Teatro Carlos Moreira, no Centro de Goi\u00e2nia A Prefeitura de Goi\u00e2nia, por meio da Secretaria Municipal de Cultura (Secult), promove, neste domingo (26\/4), a 3\u00aa edi\u00e7\u00e3o do projeto Domingo Tem Teatro \u2013 Comunica\u00e7\u00e3o e Acessibilidade, que leva cultura, lazer e inclus\u00e3o para toda a fam\u00edlia para a Rua do Lazer, em Goi\u00e2nia. A programa\u00e7\u00e3o ser\u00e1 realizada a partir das 9h, no Teatro Carlos Moreira, centro da capital. Em cena, o p\u00fablico acompanha uma turma muito especial, onde cada personagem representa uma realidade \u00fanica. Luna, uma menina autista cheia de imagina\u00e7\u00e3o; Pedro, com s\u00edndrome de Down, dono de uma alegria contagiante; Zezin, cadeirante que transforma desafios em supera\u00e7\u00e3o; Sofia, uma jovem surda que nos ensina novas formas de comunica\u00e7\u00e3o; e Bruno, com defici\u00eancia visual, que mostra que o essencial vai al\u00e9m do olhar. Ao lado deles, Mylena surge como s\u00edmbolo do acolhimento, do amor e da conviv\u00eancia respeitosa. O evento conta com a participa\u00e7\u00e3o especial da Band FM, que promove recrea\u00e7\u00e3o animada na \u00e1rea externa, com brincadeiras, distribui\u00e7\u00e3o de brindes, algod\u00e3o doce e pipoca, al\u00e9m de apresentar ao p\u00fablico a evolu\u00e7\u00e3o do r\u00e1dio de forma interativa e educativa. Um dos destaques da programa\u00e7\u00e3o \u00e9 o espet\u00e1culo infantil Turminha da Inclus\u00e3o, idealizado por Brunno Karvalho, que aborda, de forma l\u00fadica e educativa, temas como acessibilidade e respeito \u00e0s diferen\u00e7as. A manh\u00e3 cultural tamb\u00e9m contar\u00e1 com a Feira do Empreendedor Mirim, incentivando o protagonismo infantil e o desenvolvimento de habilidades empreendedoras desde cedo. As apresenta\u00e7\u00f5es acontecem \u00e0s 9h30 e \u00e0s 10h30, mediante reserva antecipada pelos contatos (62) 99974-7349 e (62) 99142-6714 Ou pelo link:https:\/\/wa.me\/5562999747349?text=Quero%20adquirir%20meu%20ingresso%20para%20o%20Domingo%20Tem%20Teatro<\/p>\n","protected":false},"author":1,"featured_media":8871,"comment_status":"open","ping_status":"open","sticky":false,"template":"","format":"standard","meta":{"footnotes":""},"categories":[28],"tags":[],"class_list":["post-8870","post","type-post","status-publish","format-standard","has-post-thumbnail","hentry","category-jornal"],"_links":{"self":[{"href":"https:\/\/deolhonosocial.com.br\/index.php\/wp-json\/wp\/v2\/posts\/8870","targetHints":{"allow":["GET"]}}],"collection":[{"href":"https:\/\/deolhonosocial.com.br\/index.php\/wp-json\/wp\/v2\/posts"}],"about":[{"href":"https:\/\/deolhonosocial.com.br\/index.php\/wp-json\/wp\/v2\/types\/post"}],"author":[{"embeddable":true,"href":"https:\/\/deolhonosocial.com.br\/index.php\/wp-json\/wp\/v2\/users\/1"}],"replies":[{"embeddable":true,"href":"https:\/\/deolhonosocial.com.br\/index.php\/wp-json\/wp\/v2\/comments?post=8870"}],"version-history":[{"count":1,"href":"https:\/\/deolhonosocial.com.br\/index.php\/wp-json\/wp\/v2\/posts\/8870\/revisions"}],"predecessor-version":[{"id":8872,"href":"https:\/\/deolhonosocial.com.br\/index.php\/wp-json\/wp\/v2\/posts\/8870\/revisions\/8872"}],"wp:featuredmedia":[{"embeddable":true,"href":"https:\/\/deolhonosocial.com.br\/index.php\/wp-json\/wp\/v2\/media\/8871"}],"wp:attachment":[{"href":"https:\/\/deolhonosocial.com.br\/index.php\/wp-json\/wp\/v2\/media?parent=8870"}],"wp:term":[{"taxonomy":"category","embeddable":true,"href":"https:\/\/deolhonosocial.com.br\/index.php\/wp-json\/wp\/v2\/categories?post=8870"},{"taxonomy":"post_tag","embeddable":true,"href":"https:\/\/deolhonosocial.com.br\/index.php\/wp-json\/wp\/v2\/tags?post=8870"}],"curies":[{"name":"wp","href":"https:\/\/api.w.org\/{rel}","templated":true}]}}