{"id":8567,"date":"2026-03-15T23:26:36","date_gmt":"2026-03-16T02:26:36","guid":{"rendered":"https:\/\/deolhonosocial.com.br\/?p=8567"},"modified":"2026-03-15T23:26:37","modified_gmt":"2026-03-16T02:26:37","slug":"caiado-lanca-daniel-vilela-ao-governo-com-presenca-de-209-prefeitos-em-jaragua","status":"publish","type":"post","link":"https:\/\/deolhonosocial.com.br\/index.php\/2026\/03\/15\/caiado-lanca-daniel-vilela-ao-governo-com-presenca-de-209-prefeitos-em-jaragua\/","title":{"rendered":"Caiado lan\u00e7a Daniel Vilela ao governo com presen\u00e7a de 209 prefeitos, em Jaragu\u00e1"},"content":{"rendered":"\n<p>Em encontro com presen\u00e7a de mais de duas mil lideran\u00e7as pol\u00edticas, governador lan\u00e7a candidatura do emedebista e nomes da base governista ao Senado<\/p>\n\n\n\n<p>Ao lado de 209 prefeitos, centenas de lideran\u00e7as pol\u00edticas estaduais e nacionais, e milhares de apoiadores, o governador Ronaldo Caiado (PSD) lan\u00e7ou as pr\u00e9-candidaturas da chapa da base governista em Jaragu\u00e1, que se tornou a \u201ccapital pol\u00edtica\u201d do estado neste s\u00e1bado (14\/3). O ato marcou o lan\u00e7amento da pr\u00e9-candidatura do vice-governador Daniel Vilela (MDB) ao governo nas elei\u00e7\u00f5es de outubro.<\/p>\n\n\n\n<p>Ao lan\u00e7ar Vilela como seu sucessor, Caiado fez um balan\u00e7o de sua gest\u00e3o e enfatizou que termina o mandato com a cabe\u00e7a erguida e com a sensa\u00e7\u00e3o de dever cumprido por devolver a dignidade aos goianos. \u201cGoi\u00e1s n\u00e3o vai andar para tr\u00e1s. Vamos continuar avan\u00e7ando cada vez mais e Daniel ter\u00e1 a maior vit\u00f3ria que o estado j\u00e1 conseguiu ap\u00f3s a sa\u00edda de um governador com seus dois mandatos. Ele vai ganhar no primeiro turno, igual eu ganhei as duas elei\u00e7\u00f5es quando disputei o governo\u201d, enfatizou o gestor estadual.<\/p>\n\n\n\n<p>\u201cVoc\u00eas v\u00e3o ver aqui em Goi\u00e1s a maior mobiliza\u00e7\u00e3o pol\u00edtica j\u00e1 feita no pa\u00eds. Vamos andar casa a casa, com vereadores, prefeitos e deputados. Vamos ver o que \u00e9 um governo bem avaliado com resposta de votos. Goi\u00e1s n\u00e3o dar\u00e1 margem a ex-presidi\u00e1rio, muito menos a oportunistas que nunca na vida conheceram a realidade do interior do estado. Vamos eleger 37 deputados da base aliada de 41 vagas, e 14 [dos 17] deputados federais, dando continuidade ao apoio aos prefeitos e lideran\u00e7as municipais. Esse \u00e9 o governo que o povo deseja, para que seja ampliado e melhorado pelas m\u00e3os do Daniel Vilela\u201d, continuou Caiado.<\/p>\n\n\n\n<p>Com a presen\u00e7a de mais de 86% dos prefeitos do estado, de representantes de todos os 246 munic\u00edpios goianos e de mais de mil vereadores, o evento \u201cPra Frente Goi\u00e1s\u201d reuniu mais de 15 mil pessoas no Clube das Cavalhadas, demonstrando a capilaridade pol\u00edtica e a unidade da base governista estadual. A mobiliza\u00e7\u00e3o foi articulada diretamente por Caiado e Daniel Vilela, que convocaram lideran\u00e7as de todas as regi\u00f5es, em demonstra\u00e7\u00e3o de for\u00e7a do grupo pol\u00edtico que governa o estado desde 2019.<\/p>\n\n\n\n<p>A t\u00f4nica do evento foi a demonstra\u00e7\u00e3o de apoio por parte das lideran\u00e7as municipais ao projeto de continuidade do governo estadual, no momento de transi\u00e7\u00e3o entre a gest\u00e3o Ronaldo Caiado e a de Daniel Vilela, que assume o governo em 31 de mar\u00e7o. Com passagem pelos cargos de vereador, deputado estadual e deputado federal, Vilela tem bagagem pol\u00edtica e atua como vice-governador desde 2023, atuando diretamente nas decis\u00f5es do Executivo estadual.<\/p>\n\n\n\n<p>\u201cEu j\u00e1 participei de muitos momentos da vida pol\u00edtica do nosso estado, mas devo confessar que o dia de hoje \u00e9 o mais emocionante da minha vida pol\u00edtica\u201d, comentou Vilela, ao agradecer a presen\u00e7a de todas as lideran\u00e7as pol\u00edticas e destacar que \u201cvieram para trazer o reconhecimento e agradecimento ao nosso governo pelo que temos feito pelos munic\u00edpios\u201d.<\/p>\n\n\n\n<p>\u201cEssa \u00e9 uma grande demonstra\u00e7\u00e3o da nossa for\u00e7a pol\u00edtica e ser\u00e1, sem d\u00favida nenhuma, determinante para que possamos ganhar as elei\u00e7\u00f5es no primeiro turno. Vamos ser eternamente gratos por essa disposi\u00e7\u00e3o que voc\u00eas t\u00eam demonstrado de estar ao nosso lado e continuar lutando para que Goi\u00e1s continue no caminho certo. Caiado me deu a oportunidade de ser vice-governador e ser parte ativa desse governo. E quando assumir a gest\u00e3o, podem ter certeza de que vamos continuar no mesmo ritmo de trabalho e na mesma determina\u00e7\u00e3o para continuar garantindo as conquistas e avan\u00e7os que Goi\u00e1s alcan\u00e7ou sob a lideran\u00e7a de Caiado e Gracinha\u201d, finalizou Daniel Vilela.<\/p>\n\n\n\n<p>A primeira-dama Gracinha Caiado, que tamb\u00e9m lan\u00e7ou sua pr\u00e9-candidatura ao Senado durante o evento, agradeceu a parceria das lideran\u00e7as pol\u00edticas e a sintonia com Daniel Vilela na gest\u00e3o dos programas do governo. \u201cVer tantas lideran\u00e7as aqui hoje mostra a for\u00e7a do nosso projeto, que transformou Goi\u00e1s. Daniel \u00e9 um grande parceiro, um jovem preparado, inteligente e que saber\u00e1 dar continuidade a esse projeto de transforma\u00e7\u00e3o. Um projeto baseado em valores fortes e em luta\u201d, discursou.<\/p>\n\n\n\n<p>Presidente da Federa\u00e7\u00e3o Goiana dos Munic\u00edpios (FGM) e prefeito de Jaragu\u00e1, Paulo Vitor Avelar classificou o lan\u00e7amento da chapa como \u201co maior evento pol\u00edtico fora da capital do Estado que j\u00e1 aconteceu na hist\u00f3ria recente da pol\u00edtica goiana\u201d. Para ele, a presen\u00e7a de lideran\u00e7as pol\u00edticas dos 246 munic\u00edpios goianos representa a aprova\u00e7\u00e3o dos prefeitos \u00e0 gest\u00e3o de Caiado e \u00e0 continuidade da gest\u00e3o com Vilela. \u201cDaniel \u00e9 a continuidade segura e respons\u00e1vel para que esse estado continue a crescer\u201d, comentou.<\/p>\n\n\n\n<p>Para Z\u00e9 D\u00e9lio Jr., prefeito de Hidrol\u00e2ndia e presidente da Associa\u00e7\u00e3o Goiana dos Munic\u00edpios (AGM), \u201co sentimento \u00e9 de esperan\u00e7a, pois temos a certeza que Daniel continuar\u00e1 esse legado de sucesso que foi esse governo\u201d. \u201cN\u00f3s queremos um governo que sabe trabalhar, e n\u00e3o queremos voltar ao passado e ao governo que desvalorizava os prefeitos\u201d, completou.<\/p>\n\n\n\n<p>Apoio<br>A mobiliza\u00e7\u00e3o em Jaragu\u00e1 foi mais uma demonstra\u00e7\u00e3o da for\u00e7a de coes\u00e3o do grupo pol\u00edtico, que amplia a base governista com a ades\u00e3o de ex-aliados de advers\u00e1rios diretos ao Executivo estadual. Diversos pol\u00edticos goianos procuraram Daniel Vilela nas \u00faltimas semanas para demonstrar apoio \u00e0 sua candidatura, como o deputado federal Daniel Agrobom, que anunciou sua sa\u00edda do PL, e seu filho Daniel J\u00fanior, prefeito de Bom Jesus de Goi\u00e1s, que tamb\u00e9m deve deixar a sigla.<\/p>\n\n\n\n<p>Outras baixas na oposi\u00e7\u00e3o foram do prefeito de Pilar de Goi\u00e1s, Tiag\u00e3o; do gestor de Ouro Verde de Goi\u00e1s, Rodrigo Fonseca; e da deputada federal L\u00eada Borges, que declararam apoio ao projeto de Vilela. L\u00eada trocou o PSDB pelo Republicanos.<\/p>\n\n\n\n<p>Prestigiando o evento, o presidente nacional MDB, deputado federal Baleia Rossi (SP), lembrou do legado do pai de Daniel Vilela, o ex-governador Maguito Vilela. \u201cQuando eu estive em Goi\u00e2nia, seu pai me falou que o MDB deveria voltar a ser o ponto de equil\u00edbrio. N\u00f3s adotamos isso como lema para o MDB nacional, e \u00e9 exatamente o que voc\u00ea significa para n\u00f3s: um jovem, uma renova\u00e7\u00e3o\u201d, discursou.<\/p>\n\n\n\n<p>Gilberto Kassab, presidente nacional do PSD, destacou a for\u00e7a pol\u00edtica de Caiado durante o evento, que tamb\u00e9m marcou a filia\u00e7\u00e3o do governador ao partido. \u201cO Brasil deve muito a voc\u00ea, Caiado. Ao se filiar ao PSD, deu ao pa\u00eds a esperan\u00e7a de um projeto forte. Ningu\u00e9m tem d\u00favida de que se o Brasil tiver o privil\u00e9gio de ter Caiado como presidente, ser\u00e1 um dos melhores da hist\u00f3ria do pa\u00eds\u201d, enfatizou. \u201cE Daniel Vilela tem a responsabilidade de dar sequ\u00eancia a uma gest\u00e3o t\u00e3o bem avaliada. Com sua juventude, mas carregado de experi\u00eancia, voc\u00ea \u00e9 a pessoa certa\u201d, destacou.<\/p>\n\n\n\n<p>Congresso Nacional<br>O evento em Jaragu\u00e1 serviu como term\u00f4metro da for\u00e7a da base governista e marcou tamb\u00e9m o lan\u00e7amento das pr\u00e9-candidaturas ao Senado Federal do deputado federal Zacharias Calil, rec\u00e9m filiado ao MDB, e do ex-deputado federal Alexandre Baldy (Progressistas), que endossaram o apoio \u00e0 elei\u00e7\u00e3o de Daniel Vilela. \u201cCaiado entrega Goi\u00e1s a esse jovem para que ele possa dar continuidade aos programas que transformaram a vida dos goianos. Daniel, voc\u00ea contar\u00e1 com a nossa federa\u00e7\u00e3o para que possa te conduzir ao governo\u201d, enfatizou Baldy ao mencionar a federa\u00e7\u00e3o do Progressistas com o Uni\u00e3o Brasil.<\/p>\n\n\n\n<p>Candidato \u00e0 reelei\u00e7\u00e3o, o senador Vanderlan Cardoso, presidente estadual do PSD, classificou Daniel Vilela como a \u201cesperan\u00e7a em continuidade\u201d. Para o parlamentar, Vilela ir\u00e1 superar o trabalho desenvolvido por Caiado \u00e0 frente do governo de Goi\u00e1s. \u201cA continua\u00e7\u00e3o \u00e9 isso\u201d, resumiu. Vanderlan esclareceu ainda a import\u00e2ncia da pluralidade de nomes lan\u00e7ados na chapa governista para disputar o Senado. \u201cCada um tem seu trabalho para apresentar. N\u00e3o \u00e9 disputa, nem briga. O Senado Federal precisa de gente municipalista, que chegue para resolver os problemas do nosso Estado\u201d, completou.<\/p>\n\n\n\n<p>O presidente da Assembleia Legislativa, Bruno Peixoto (PRD), declarou a necessidade de dar continuidade \u00e0 boa gest\u00e3o estadual. \u201cEsperamos que Daniel Vilela tenha \u00eaxito no primeiro turno. N\u00f3s precisamos dar continuidade a esse bel\u00edssimo trabalho que vem sendo realizado pelo governador Caiado, que tem gerado resultados positivos para a popula\u00e7\u00e3o, com obras que trazem melhoria para a qualidade de vida da nossa gente. N\u00f3s, deputados e deputadas, vamos trabalhar para a vit\u00f3ria em primeiro turno\u201d, enfatizou.<\/p>\n","protected":false},"excerpt":{"rendered":"<p>Em encontro com presen\u00e7a de mais de duas mil lideran\u00e7as pol\u00edticas, governador lan\u00e7a candidatura do emedebista e nomes da base governista ao Senado Ao lado de 209 prefeitos, centenas de lideran\u00e7as pol\u00edticas estaduais e nacionais, e milhares de apoiadores, o governador Ronaldo Caiado (PSD) lan\u00e7ou as pr\u00e9-candidaturas da chapa da base governista em Jaragu\u00e1, que se tornou a \u201ccapital pol\u00edtica\u201d do estado neste s\u00e1bado (14\/3). O ato marcou o lan\u00e7amento da pr\u00e9-candidatura do vice-governador Daniel Vilela (MDB) ao governo nas elei\u00e7\u00f5es de outubro. Ao lan\u00e7ar Vilela como seu sucessor, Caiado fez um balan\u00e7o de sua gest\u00e3o e enfatizou que termina o mandato com a cabe\u00e7a erguida e com a sensa\u00e7\u00e3o de dever cumprido por devolver a dignidade aos goianos. \u201cGoi\u00e1s n\u00e3o vai andar para tr\u00e1s. Vamos continuar avan\u00e7ando cada vez mais e Daniel ter\u00e1 a maior vit\u00f3ria que o estado j\u00e1 conseguiu ap\u00f3s a sa\u00edda de um governador com seus dois mandatos. Ele vai ganhar no primeiro turno, igual eu ganhei as duas elei\u00e7\u00f5es quando disputei o governo\u201d, enfatizou o gestor estadual. \u201cVoc\u00eas v\u00e3o ver aqui em Goi\u00e1s a maior mobiliza\u00e7\u00e3o pol\u00edtica j\u00e1 feita no pa\u00eds. Vamos andar casa a casa, com vereadores, prefeitos e deputados. Vamos ver o que \u00e9 um governo bem avaliado com resposta de votos. Goi\u00e1s n\u00e3o dar\u00e1 margem a ex-presidi\u00e1rio, muito menos a oportunistas que nunca na vida conheceram a realidade do interior do estado. Vamos eleger 37 deputados da base aliada de 41 vagas, e 14 [dos 17] deputados federais, dando continuidade ao apoio aos prefeitos e lideran\u00e7as municipais. Esse \u00e9 o governo que o povo deseja, para que seja ampliado e melhorado pelas m\u00e3os do Daniel Vilela\u201d, continuou Caiado. Com a presen\u00e7a de mais de 86% dos prefeitos do estado, de representantes de todos os 246 munic\u00edpios goianos e de mais de mil vereadores, o evento \u201cPra Frente Goi\u00e1s\u201d reuniu mais de 15 mil pessoas no Clube das Cavalhadas, demonstrando a capilaridade pol\u00edtica e a unidade da base governista estadual. A mobiliza\u00e7\u00e3o foi articulada diretamente por Caiado e Daniel Vilela, que convocaram lideran\u00e7as de todas as regi\u00f5es, em demonstra\u00e7\u00e3o de for\u00e7a do grupo pol\u00edtico que governa o estado desde 2019. A t\u00f4nica do evento foi a demonstra\u00e7\u00e3o de apoio por parte das lideran\u00e7as municipais ao projeto de continuidade do governo estadual, no momento de transi\u00e7\u00e3o entre a gest\u00e3o Ronaldo Caiado e a de Daniel Vilela, que assume o governo em 31 de mar\u00e7o. Com passagem pelos cargos de vereador, deputado estadual e deputado federal, Vilela tem bagagem pol\u00edtica e atua como vice-governador desde 2023, atuando diretamente nas decis\u00f5es do Executivo estadual. \u201cEu j\u00e1 participei de muitos momentos da vida pol\u00edtica do nosso estado, mas devo confessar que o dia de hoje \u00e9 o mais emocionante da minha vida pol\u00edtica\u201d, comentou Vilela, ao agradecer a presen\u00e7a de todas as lideran\u00e7as pol\u00edticas e destacar que \u201cvieram para trazer o reconhecimento e agradecimento ao nosso governo pelo que temos feito pelos munic\u00edpios\u201d. \u201cEssa \u00e9 uma grande demonstra\u00e7\u00e3o da nossa for\u00e7a pol\u00edtica e ser\u00e1, sem d\u00favida nenhuma, determinante para que possamos ganhar as elei\u00e7\u00f5es no primeiro turno. Vamos ser eternamente gratos por essa disposi\u00e7\u00e3o que voc\u00eas t\u00eam demonstrado de estar ao nosso lado e continuar lutando para que Goi\u00e1s continue no caminho certo. Caiado me deu a oportunidade de ser vice-governador e ser parte ativa desse governo. E quando assumir a gest\u00e3o, podem ter certeza de que vamos continuar no mesmo ritmo de trabalho e na mesma determina\u00e7\u00e3o para continuar garantindo as conquistas e avan\u00e7os que Goi\u00e1s alcan\u00e7ou sob a lideran\u00e7a de Caiado e Gracinha\u201d, finalizou Daniel Vilela. A primeira-dama Gracinha Caiado, que tamb\u00e9m lan\u00e7ou sua pr\u00e9-candidatura ao Senado durante o evento, agradeceu a parceria das lideran\u00e7as pol\u00edticas e a sintonia com Daniel Vilela na gest\u00e3o dos programas do governo. \u201cVer tantas lideran\u00e7as aqui hoje mostra a for\u00e7a do nosso projeto, que transformou Goi\u00e1s. Daniel \u00e9 um grande parceiro, um jovem preparado, inteligente e que saber\u00e1 dar continuidade a esse projeto de transforma\u00e7\u00e3o. Um projeto baseado em valores fortes e em luta\u201d, discursou. Presidente da Federa\u00e7\u00e3o Goiana dos Munic\u00edpios (FGM) e prefeito de Jaragu\u00e1, Paulo Vitor Avelar classificou o lan\u00e7amento da chapa como \u201co maior evento pol\u00edtico fora da capital do Estado que j\u00e1 aconteceu na hist\u00f3ria recente da pol\u00edtica goiana\u201d. Para ele, a presen\u00e7a de lideran\u00e7as pol\u00edticas dos 246 munic\u00edpios goianos representa a aprova\u00e7\u00e3o dos prefeitos \u00e0 gest\u00e3o de Caiado e \u00e0 continuidade da gest\u00e3o com Vilela. \u201cDaniel \u00e9 a continuidade segura e respons\u00e1vel para que esse estado continue a crescer\u201d, comentou. Para Z\u00e9 D\u00e9lio Jr., prefeito de Hidrol\u00e2ndia e presidente da Associa\u00e7\u00e3o Goiana dos Munic\u00edpios (AGM), \u201co sentimento \u00e9 de esperan\u00e7a, pois temos a certeza que Daniel continuar\u00e1 esse legado de sucesso que foi esse governo\u201d. \u201cN\u00f3s queremos um governo que sabe trabalhar, e n\u00e3o queremos voltar ao passado e ao governo que desvalorizava os prefeitos\u201d, completou. ApoioA mobiliza\u00e7\u00e3o em Jaragu\u00e1 foi mais uma demonstra\u00e7\u00e3o da for\u00e7a de coes\u00e3o do grupo pol\u00edtico, que amplia a base governista com a ades\u00e3o de ex-aliados de advers\u00e1rios diretos ao Executivo estadual. Diversos pol\u00edticos goianos procuraram Daniel Vilela nas \u00faltimas semanas para demonstrar apoio \u00e0 sua candidatura, como o deputado federal Daniel Agrobom, que anunciou sua sa\u00edda do PL, e seu filho Daniel J\u00fanior, prefeito de Bom Jesus de Goi\u00e1s, que tamb\u00e9m deve deixar a sigla. Outras baixas na oposi\u00e7\u00e3o foram do prefeito de Pilar de Goi\u00e1s, Tiag\u00e3o; do gestor de Ouro Verde de Goi\u00e1s, Rodrigo Fonseca; e da deputada federal L\u00eada Borges, que declararam apoio ao projeto de Vilela. L\u00eada trocou o PSDB pelo Republicanos. Prestigiando o evento, o presidente nacional MDB, deputado federal Baleia Rossi (SP), lembrou do legado do pai de Daniel Vilela, o ex-governador Maguito Vilela. \u201cQuando eu estive em Goi\u00e2nia, seu pai me falou que o MDB deveria voltar a ser o ponto de equil\u00edbrio. N\u00f3s adotamos isso como lema para o MDB nacional, e \u00e9 exatamente o que voc\u00ea significa para n\u00f3s: um jovem, uma renova\u00e7\u00e3o\u201d, discursou. Gilberto Kassab, presidente nacional do PSD, destacou a for\u00e7a pol\u00edtica de Caiado durante o evento,<\/p>\n","protected":false},"author":1,"featured_media":8555,"comment_status":"open","ping_status":"open","sticky":false,"template":"","format":"standard","meta":{"footnotes":""},"categories":[28],"tags":[],"class_list":["post-8567","post","type-post","status-publish","format-standard","has-post-thumbnail","hentry","category-jornal"],"_links":{"self":[{"href":"https:\/\/deolhonosocial.com.br\/index.php\/wp-json\/wp\/v2\/posts\/8567","targetHints":{"allow":["GET"]}}],"collection":[{"href":"https:\/\/deolhonosocial.com.br\/index.php\/wp-json\/wp\/v2\/posts"}],"about":[{"href":"https:\/\/deolhonosocial.com.br\/index.php\/wp-json\/wp\/v2\/types\/post"}],"author":[{"embeddable":true,"href":"https:\/\/deolhonosocial.com.br\/index.php\/wp-json\/wp\/v2\/users\/1"}],"replies":[{"embeddable":true,"href":"https:\/\/deolhonosocial.com.br\/index.php\/wp-json\/wp\/v2\/comments?post=8567"}],"version-history":[{"count":1,"href":"https:\/\/deolhonosocial.com.br\/index.php\/wp-json\/wp\/v2\/posts\/8567\/revisions"}],"predecessor-version":[{"id":8568,"href":"https:\/\/deolhonosocial.com.br\/index.php\/wp-json\/wp\/v2\/posts\/8567\/revisions\/8568"}],"wp:featuredmedia":[{"embeddable":true,"href":"https:\/\/deolhonosocial.com.br\/index.php\/wp-json\/wp\/v2\/media\/8555"}],"wp:attachment":[{"href":"https:\/\/deolhonosocial.com.br\/index.php\/wp-json\/wp\/v2\/media?parent=8567"}],"wp:term":[{"taxonomy":"category","embeddable":true,"href":"https:\/\/deolhonosocial.com.br\/index.php\/wp-json\/wp\/v2\/categories?post=8567"},{"taxonomy":"post_tag","embeddable":true,"href":"https:\/\/deolhonosocial.com.br\/index.php\/wp-json\/wp\/v2\/tags?post=8567"}],"curies":[{"name":"wp","href":"https:\/\/api.w.org\/{rel}","templated":true}]}}