{"id":8565,"date":"2026-03-15T23:24:13","date_gmt":"2026-03-16T02:24:13","guid":{"rendered":"https:\/\/deolhonosocial.com.br\/?p=8565"},"modified":"2026-03-15T23:24:13","modified_gmt":"2026-03-16T02:24:13","slug":"motogp-goiania-volta-motociclistica-celebra-retorno-do-motogp-a-cidade-apos-37-anos","status":"publish","type":"post","link":"https:\/\/deolhonosocial.com.br\/index.php\/2026\/03\/15\/motogp-goiania-volta-motociclistica-celebra-retorno-do-motogp-a-cidade-apos-37-anos\/","title":{"rendered":"MotoGP Goi\u00e2nia: volta Motocicl\u00edstica celebra retorno do MotoGP \u00e0 cidade ap\u00f3s 37 anos"},"content":{"rendered":"\n<p>Evento re\u00fane motociclistas, mostra cultural, passeio pela cidade e atra\u00e7\u00f5es musicais neste domingo (15\/3)<\/p>\n\n\n\n<p>A Prefeitura de Goi\u00e2nia apoia, neste domingo (15\/3), a realiza\u00e7\u00e3o da Volta Motocicl\u00edstica de Goi\u00e2nia, evento que celebra o retorno do MotoGP \u00e0 capital ap\u00f3s 37 anos. A programa\u00e7\u00e3o re\u00fane motociclistas, atividades culturais, passeio pela cidade e atra\u00e7\u00f5es musicais ao longo do dia. O prefeito Sandro Mabel participar\u00e1 do evento a partir das 11h.<\/p>\n\n\n\n<p>Goi\u00e2nia recebeu etapas do Mundial de Motovelocidade em 1987, 1988 e 1989, no Aut\u00f3dromo Internacional Ayrton Senna. A principal categoria do motociclismo mundial voltar\u00e1 \u00e0 cidade entre os dias 20 e 22 de mar\u00e7o de 2026, tamb\u00e9m no Aut\u00f3dromo Internacional Ayrton Senna.<\/p>\n\n\n\n<p>A presidente da Ag\u00eancia Municipal de Turismo e Eventos (Goi\u00e2niaTur), N\u00e1rcia Kelly, destaca que a Volta Motocicl\u00edstica resgata essa mem\u00f3ria esportiva e cultural ao reunir f\u00e3s do motociclismo em um percurso por pontos emblem\u00e1ticos da capital.<\/p>\n\n\n\n<p>\u201cA hist\u00f3ria do motociclismo em Goi\u00e2nia \u00e9 motivo de orgulho para a cidade. A Volta Motocicl\u00edstica celebra essa trajet\u00f3ria e refor\u00e7a a expectativa para o retorno do MotoGP, que volta a movimentar Goi\u00e2nia em mar\u00e7o, com impacto no turismo, na economia e na cultura\u201d, afirma.<\/p>\n\n\n\n<p>Idealizado e promovido pela empresa goianiense Image Hunter, especializada em motoexpedi\u00e7\u00f5es, o evento come\u00e7a \u00e0s 8h30, com concentra\u00e7\u00e3o na Viela da Rua 36, no Setor Marista. No local ser\u00e1 montado um grid simb\u00f3lico em homenagem a 30 pilotos campe\u00f5es da hist\u00f3ria da motovelocidade.<\/p>\n\n\n\n<p>O espa\u00e7o tamb\u00e9m recebe uma mostra cultural com participa\u00e7\u00e3o de 11 artistas pl\u00e1sticos, sob curadoria do artista Samuel Caixeta. Parte das obras produzidas durante o evento ser\u00e1 destinada a leil\u00e3o beneficente, com recursos voltados a a\u00e7\u00f5es sociais.<\/p>\n\n\n\n<p>A programa\u00e7\u00e3o conta ainda com ativa\u00e7\u00f5es da Red Bull, incluindo simulador oficial de pilotagem, exposi\u00e7\u00e3o da moto do piloto brasileiro Diogo Moreira e ve\u00edculos promocionais da marca.<\/p>\n\n\n\n<p>Ao meio-dia, os motociclistas partem em comboio para um percurso de aproximadamente 20 quil\u00f4metros por diferentes pontos da cidade, entre eles Pra\u00e7a Tamandar\u00e9, Bosque dos Buritis, Pra\u00e7a C\u00edvica, Aut\u00f3dromo Internacional Ayrton Senna e Parque Arei\u00e3o. A chegada ser\u00e1 na Alameda Ricardo Paranhos, no Setor Marista.<\/p>\n\n\n\n<p>No per\u00edodo da tarde, o p\u00fablico acompanha apresenta\u00e7\u00f5es musicais e a edi\u00e7\u00e3o brasileira do Red Bull Moto Parade, com show de freestyle do piloto Aras Gibieza.<\/p>\n\n\n\n<p>A entrada \u00e9 gratuita. Em parceria com o programa Pare a Fome, a organiza\u00e7\u00e3o solicita a doa\u00e7\u00e3o volunt\u00e1ria de dois quilos de alimentos n\u00e3o perec\u00edveis.<\/p>\n\n\n\n<p>Servi\u00e7o<br>Assunto: Volta Motocicl\u00edstica de Goi\u00e2nia<br>Data: domingo (15\/3)<br>Hor\u00e1rio: a partir das 8h30<br>Entrada: gratuita, com sugest\u00e3o de doa\u00e7\u00e3o de 2 kg de alimentos n\u00e3o perec\u00edveis<br>Local: Viela da Rua 36, Setor Marista<\/p>\n\n\n\n<p>Programa\u00e7\u00e3o<\/p>\n\n\n\n<p>Manh\u00e3 &#8211; Concentra\u00e7\u00e3o na Viela da Rua 36 &#8211; Setor Marista<\/p>\n\n\n\n<p>8h &#8211; Composi\u00e7\u00e3o do grid<br>8h30 &#8211; Abertura do evento e in\u00edcio das ativa\u00e7\u00f5es<br>9h &#8211; Atra\u00e7\u00e3o musical (Event Car Cabuloso Red Bull &#8211; Yong DJ)<br>11h &#8211; Apresenta\u00e7\u00e3o dos pilotos e homenagens<br>12h &#8211; Sa\u00edda do passeio motocicl\u00edstico<\/p>\n\n\n\n<p>Tarde &#8211; Chegada | Alameda Ricardo Paranhos &#8211; Setor Marista<\/p>\n\n\n\n<p>13h30 &#8211; Bandeirada simb\u00f3lica e atra\u00e7\u00f5es musicais<br>14h &#8211; Apresenta\u00e7\u00e3o de freestyle com o piloto Aras Gibieza (Red Bull)<br>17h &#8211; Show musical<br>20h &#8211; Encerramento<\/p>\n","protected":false},"excerpt":{"rendered":"<p>Evento re\u00fane motociclistas, mostra cultural, passeio pela cidade e atra\u00e7\u00f5es musicais neste domingo (15\/3) A Prefeitura de Goi\u00e2nia apoia, neste domingo (15\/3), a realiza\u00e7\u00e3o da Volta Motocicl\u00edstica de Goi\u00e2nia, evento que celebra o retorno do MotoGP \u00e0 capital ap\u00f3s 37 anos. A programa\u00e7\u00e3o re\u00fane motociclistas, atividades culturais, passeio pela cidade e atra\u00e7\u00f5es musicais ao longo do dia. O prefeito Sandro Mabel participar\u00e1 do evento a partir das 11h. Goi\u00e2nia recebeu etapas do Mundial de Motovelocidade em 1987, 1988 e 1989, no Aut\u00f3dromo Internacional Ayrton Senna. A principal categoria do motociclismo mundial voltar\u00e1 \u00e0 cidade entre os dias 20 e 22 de mar\u00e7o de 2026, tamb\u00e9m no Aut\u00f3dromo Internacional Ayrton Senna. A presidente da Ag\u00eancia Municipal de Turismo e Eventos (Goi\u00e2niaTur), N\u00e1rcia Kelly, destaca que a Volta Motocicl\u00edstica resgata essa mem\u00f3ria esportiva e cultural ao reunir f\u00e3s do motociclismo em um percurso por pontos emblem\u00e1ticos da capital. \u201cA hist\u00f3ria do motociclismo em Goi\u00e2nia \u00e9 motivo de orgulho para a cidade. A Volta Motocicl\u00edstica celebra essa trajet\u00f3ria e refor\u00e7a a expectativa para o retorno do MotoGP, que volta a movimentar Goi\u00e2nia em mar\u00e7o, com impacto no turismo, na economia e na cultura\u201d, afirma. Idealizado e promovido pela empresa goianiense Image Hunter, especializada em motoexpedi\u00e7\u00f5es, o evento come\u00e7a \u00e0s 8h30, com concentra\u00e7\u00e3o na Viela da Rua 36, no Setor Marista. No local ser\u00e1 montado um grid simb\u00f3lico em homenagem a 30 pilotos campe\u00f5es da hist\u00f3ria da motovelocidade. O espa\u00e7o tamb\u00e9m recebe uma mostra cultural com participa\u00e7\u00e3o de 11 artistas pl\u00e1sticos, sob curadoria do artista Samuel Caixeta. Parte das obras produzidas durante o evento ser\u00e1 destinada a leil\u00e3o beneficente, com recursos voltados a a\u00e7\u00f5es sociais. A programa\u00e7\u00e3o conta ainda com ativa\u00e7\u00f5es da Red Bull, incluindo simulador oficial de pilotagem, exposi\u00e7\u00e3o da moto do piloto brasileiro Diogo Moreira e ve\u00edculos promocionais da marca. Ao meio-dia, os motociclistas partem em comboio para um percurso de aproximadamente 20 quil\u00f4metros por diferentes pontos da cidade, entre eles Pra\u00e7a Tamandar\u00e9, Bosque dos Buritis, Pra\u00e7a C\u00edvica, Aut\u00f3dromo Internacional Ayrton Senna e Parque Arei\u00e3o. A chegada ser\u00e1 na Alameda Ricardo Paranhos, no Setor Marista. No per\u00edodo da tarde, o p\u00fablico acompanha apresenta\u00e7\u00f5es musicais e a edi\u00e7\u00e3o brasileira do Red Bull Moto Parade, com show de freestyle do piloto Aras Gibieza. A entrada \u00e9 gratuita. Em parceria com o programa Pare a Fome, a organiza\u00e7\u00e3o solicita a doa\u00e7\u00e3o volunt\u00e1ria de dois quilos de alimentos n\u00e3o perec\u00edveis. Servi\u00e7oAssunto: Volta Motocicl\u00edstica de Goi\u00e2niaData: domingo (15\/3)Hor\u00e1rio: a partir das 8h30Entrada: gratuita, com sugest\u00e3o de doa\u00e7\u00e3o de 2 kg de alimentos n\u00e3o perec\u00edveisLocal: Viela da Rua 36, Setor Marista Programa\u00e7\u00e3o Manh\u00e3 &#8211; Concentra\u00e7\u00e3o na Viela da Rua 36 &#8211; Setor Marista 8h &#8211; Composi\u00e7\u00e3o do grid8h30 &#8211; Abertura do evento e in\u00edcio das ativa\u00e7\u00f5es9h &#8211; Atra\u00e7\u00e3o musical (Event Car Cabuloso Red Bull &#8211; Yong DJ)11h &#8211; Apresenta\u00e7\u00e3o dos pilotos e homenagens12h &#8211; Sa\u00edda do passeio motocicl\u00edstico Tarde &#8211; Chegada | Alameda Ricardo Paranhos &#8211; Setor Marista 13h30 &#8211; Bandeirada simb\u00f3lica e atra\u00e7\u00f5es musicais14h &#8211; Apresenta\u00e7\u00e3o de freestyle com o piloto Aras Gibieza (Red Bull)17h &#8211; Show musical20h &#8211; Encerramento<\/p>\n","protected":false},"author":1,"featured_media":8556,"comment_status":"open","ping_status":"open","sticky":false,"template":"","format":"standard","meta":{"footnotes":""},"categories":[28],"tags":[],"class_list":["post-8565","post","type-post","status-publish","format-standard","has-post-thumbnail","hentry","category-jornal"],"_links":{"self":[{"href":"https:\/\/deolhonosocial.com.br\/index.php\/wp-json\/wp\/v2\/posts\/8565","targetHints":{"allow":["GET"]}}],"collection":[{"href":"https:\/\/deolhonosocial.com.br\/index.php\/wp-json\/wp\/v2\/posts"}],"about":[{"href":"https:\/\/deolhonosocial.com.br\/index.php\/wp-json\/wp\/v2\/types\/post"}],"author":[{"embeddable":true,"href":"https:\/\/deolhonosocial.com.br\/index.php\/wp-json\/wp\/v2\/users\/1"}],"replies":[{"embeddable":true,"href":"https:\/\/deolhonosocial.com.br\/index.php\/wp-json\/wp\/v2\/comments?post=8565"}],"version-history":[{"count":1,"href":"https:\/\/deolhonosocial.com.br\/index.php\/wp-json\/wp\/v2\/posts\/8565\/revisions"}],"predecessor-version":[{"id":8566,"href":"https:\/\/deolhonosocial.com.br\/index.php\/wp-json\/wp\/v2\/posts\/8565\/revisions\/8566"}],"wp:featuredmedia":[{"embeddable":true,"href":"https:\/\/deolhonosocial.com.br\/index.php\/wp-json\/wp\/v2\/media\/8556"}],"wp:attachment":[{"href":"https:\/\/deolhonosocial.com.br\/index.php\/wp-json\/wp\/v2\/media?parent=8565"}],"wp:term":[{"taxonomy":"category","embeddable":true,"href":"https:\/\/deolhonosocial.com.br\/index.php\/wp-json\/wp\/v2\/categories?post=8565"},{"taxonomy":"post_tag","embeddable":true,"href":"https:\/\/deolhonosocial.com.br\/index.php\/wp-json\/wp\/v2\/tags?post=8565"}],"curies":[{"name":"wp","href":"https:\/\/api.w.org\/{rel}","templated":true}]}}