{"id":8550,"date":"2026-03-11T17:03:11","date_gmt":"2026-03-11T20:03:11","guid":{"rendered":"https:\/\/deolhonosocial.com.br\/?p=8550"},"modified":"2026-03-11T17:03:11","modified_gmt":"2026-03-11T20:03:11","slug":"motogp-goiania-samu-prepara-plano-de-operacao-para-assegurar-menor-tempo-de-resposta-durante-evento","status":"publish","type":"post","link":"https:\/\/deolhonosocial.com.br\/index.php\/2026\/03\/11\/motogp-goiania-samu-prepara-plano-de-operacao-para-assegurar-menor-tempo-de-resposta-durante-evento\/","title":{"rendered":"MotoGP Goi\u00e2nia: Samu prepara plano de opera\u00e7\u00e3o para assegurar menor tempo de resposta durante evento"},"content":{"rendered":"\n<p>Servi\u00e7o atuar\u00e1 de forma estrat\u00e9gica, integrada e antecipada, considerando o aumento expressivo de p\u00fablico e risco de traumas graves<\/p>\n\n\n\n<p>O Servi\u00e7o de Atendimento M\u00f3vel de Urg\u00eancia (Samu) da Prefeitura de Goi\u00e2nia vai atuar com plano de opera\u00e7\u00e3o espec\u00edfico para os dias 20, 21 e 22 de mar\u00e7o, quando a capital recebe o Campeonato Mundial de Motovelocidade (MotoGP). De acordo com a coordenadora geral do servi\u00e7o, Jacqueline Le\u00e3o, o planejamento visa garantir menor tempo de resposta aos chamados.<\/p>\n\n\n\n<p>\u201cO Samu j\u00e1 realizou visitas t\u00e9cnicas para reconhecimento tanto da \u00e1rea onde o evento ser\u00e1 realizado, quanto nos locais onde haver\u00e1 tel\u00f5es e maiores concentra\u00e7\u00f5es de p\u00fablico\u201d, explica a gestora. Toda a log\u00edstica para acesso e sa\u00edda das principais localiza\u00e7\u00f5es at\u00e9 as unidades de refer\u00eancia foi tra\u00e7ada de forma antecipada. &#8220;Nossas viaturas ser\u00e3o posicionadas estrategicamente para garantir o menor tempo de resposta poss\u00edvel\u201d, afirma.<\/p>\n\n\n\n<p>A prepara\u00e7\u00e3o para o MotoGP inclui ainda o refor\u00e7o em escalas das equipes assistenciais nas datas do evento. \u201cNosso plano de opera\u00e7\u00e3o considera n\u00e3o s\u00f3 o aumento expressivo de p\u00fablico, mas o risco de traumas graves e a press\u00e3o sobre a rede de sa\u00fade. Por isso, as escalas de m\u00e9dicos, enfermeiros, t\u00e9cnicos e condutores ser\u00e3o ampliadas\u201d, pontua o secret\u00e1rio municipal de Sa\u00fade, Luiz Pellizzer.<\/p>\n\n\n\n<p>O Samu atuar\u00e1 de forma integrada com o Corpo de Bombeiros, a organiza\u00e7\u00e3o do evento e a rede hospitalar da capital. \u201cN\u00f3s j\u00e1 efetuamos mapeamento de riscos e estamos em contato direto tanto com os demais \u00f3rg\u00e3os quanto com a organiza\u00e7\u00e3o, que disponibilizar\u00e1 ambul\u00e2ncias e postos avan\u00e7ados de atendimento na \u00e1rea do evento\u201d, destaca Jacqueline Le\u00e3o.<\/p>\n\n\n\n<p>Foto: SMS<\/p>\n\n\n\n<p>Legenda: Samu ter\u00e1 refor\u00e7os nas escalas das equipes assistenciais e busca garantir menor tempo de resposta durante o MotoGP Goi\u00e2nia<\/p>\n\n\n\n<p>Secretaria Municipal de Sa\u00fade (SMS) &#8211; Prefeitura de Goi\u00e2nia<\/p>\n","protected":false},"excerpt":{"rendered":"<p>Servi\u00e7o atuar\u00e1 de forma estrat\u00e9gica, integrada e antecipada, considerando o aumento expressivo de p\u00fablico e risco de traumas graves O Servi\u00e7o de Atendimento M\u00f3vel de Urg\u00eancia (Samu) da Prefeitura de Goi\u00e2nia vai atuar com plano de opera\u00e7\u00e3o espec\u00edfico para os dias 20, 21 e 22 de mar\u00e7o, quando a capital recebe o Campeonato Mundial de Motovelocidade (MotoGP). De acordo com a coordenadora geral do servi\u00e7o, Jacqueline Le\u00e3o, o planejamento visa garantir menor tempo de resposta aos chamados. \u201cO Samu j\u00e1 realizou visitas t\u00e9cnicas para reconhecimento tanto da \u00e1rea onde o evento ser\u00e1 realizado, quanto nos locais onde haver\u00e1 tel\u00f5es e maiores concentra\u00e7\u00f5es de p\u00fablico\u201d, explica a gestora. Toda a log\u00edstica para acesso e sa\u00edda das principais localiza\u00e7\u00f5es at\u00e9 as unidades de refer\u00eancia foi tra\u00e7ada de forma antecipada. &#8220;Nossas viaturas ser\u00e3o posicionadas estrategicamente para garantir o menor tempo de resposta poss\u00edvel\u201d, afirma. A prepara\u00e7\u00e3o para o MotoGP inclui ainda o refor\u00e7o em escalas das equipes assistenciais nas datas do evento. \u201cNosso plano de opera\u00e7\u00e3o considera n\u00e3o s\u00f3 o aumento expressivo de p\u00fablico, mas o risco de traumas graves e a press\u00e3o sobre a rede de sa\u00fade. Por isso, as escalas de m\u00e9dicos, enfermeiros, t\u00e9cnicos e condutores ser\u00e3o ampliadas\u201d, pontua o secret\u00e1rio municipal de Sa\u00fade, Luiz Pellizzer. O Samu atuar\u00e1 de forma integrada com o Corpo de Bombeiros, a organiza\u00e7\u00e3o do evento e a rede hospitalar da capital. \u201cN\u00f3s j\u00e1 efetuamos mapeamento de riscos e estamos em contato direto tanto com os demais \u00f3rg\u00e3os quanto com a organiza\u00e7\u00e3o, que disponibilizar\u00e1 ambul\u00e2ncias e postos avan\u00e7ados de atendimento na \u00e1rea do evento\u201d, destaca Jacqueline Le\u00e3o. Foto: SMS Legenda: Samu ter\u00e1 refor\u00e7os nas escalas das equipes assistenciais e busca garantir menor tempo de resposta durante o MotoGP Goi\u00e2nia Secretaria Municipal de Sa\u00fade (SMS) &#8211; Prefeitura de Goi\u00e2nia<\/p>\n","protected":false},"author":2,"featured_media":8551,"comment_status":"open","ping_status":"open","sticky":false,"template":"","format":"standard","meta":{"footnotes":""},"categories":[28],"tags":[],"class_list":["post-8550","post","type-post","status-publish","format-standard","has-post-thumbnail","hentry","category-jornal"],"_links":{"self":[{"href":"https:\/\/deolhonosocial.com.br\/index.php\/wp-json\/wp\/v2\/posts\/8550","targetHints":{"allow":["GET"]}}],"collection":[{"href":"https:\/\/deolhonosocial.com.br\/index.php\/wp-json\/wp\/v2\/posts"}],"about":[{"href":"https:\/\/deolhonosocial.com.br\/index.php\/wp-json\/wp\/v2\/types\/post"}],"author":[{"embeddable":true,"href":"https:\/\/deolhonosocial.com.br\/index.php\/wp-json\/wp\/v2\/users\/2"}],"replies":[{"embeddable":true,"href":"https:\/\/deolhonosocial.com.br\/index.php\/wp-json\/wp\/v2\/comments?post=8550"}],"version-history":[{"count":1,"href":"https:\/\/deolhonosocial.com.br\/index.php\/wp-json\/wp\/v2\/posts\/8550\/revisions"}],"predecessor-version":[{"id":8552,"href":"https:\/\/deolhonosocial.com.br\/index.php\/wp-json\/wp\/v2\/posts\/8550\/revisions\/8552"}],"wp:featuredmedia":[{"embeddable":true,"href":"https:\/\/deolhonosocial.com.br\/index.php\/wp-json\/wp\/v2\/media\/8551"}],"wp:attachment":[{"href":"https:\/\/deolhonosocial.com.br\/index.php\/wp-json\/wp\/v2\/media?parent=8550"}],"wp:term":[{"taxonomy":"category","embeddable":true,"href":"https:\/\/deolhonosocial.com.br\/index.php\/wp-json\/wp\/v2\/categories?post=8550"},{"taxonomy":"post_tag","embeddable":true,"href":"https:\/\/deolhonosocial.com.br\/index.php\/wp-json\/wp\/v2\/tags?post=8550"}],"curies":[{"name":"wp","href":"https:\/\/api.w.org\/{rel}","templated":true}]}}