{"id":8544,"date":"2026-03-11T17:00:56","date_gmt":"2026-03-11T20:00:56","guid":{"rendered":"https:\/\/deolhonosocial.com.br\/?p=8544"},"modified":"2026-03-11T17:00:56","modified_gmt":"2026-03-11T20:00:56","slug":"caiado-gracinha-e-daniel-vilela-recepcionam-5-mil-novos-beneficiarios-do-probem","status":"publish","type":"post","link":"https:\/\/deolhonosocial.com.br\/index.php\/2026\/03\/11\/caiado-gracinha-e-daniel-vilela-recepcionam-5-mil-novos-beneficiarios-do-probem\/","title":{"rendered":"Caiado, Gracinha e Daniel Vilela recepcionam 5 mil novos benefici\u00e1rios do ProBem"},"content":{"rendered":"\n<p>Programa contempla nesta edi\u00e7\u00e3o estudantes universit\u00e1rios com 1.250 bolsas integrais e 3.750 parciais. Desde 2019, o Governo de Goi\u00e1s fez investimentos de quase R$ 800 milh\u00f5es na iniciativa<\/p>\n\n\n\n<p>O governador Ronaldo Caiado, a coordenadora do Goi\u00e1s Social e presidente de honra da Organiza\u00e7\u00e3o das Volunt\u00e1rios de Goi\u00e1s (OVG), primeira-dama Gracinha Caiado, e o vice-governador Daniel Vilela recepcionaram nesta ter\u00e7a-feira (10\/3) os novos alunos benefici\u00e1rios do Programa Universit\u00e1rio do Bem (ProBem). A cerim\u00f4nia carregada de emo\u00e7\u00e3o marcou a assinatura do termo de ades\u00e3o dos 5 mil novos estudantes contemplados no semestre 2026\/1.<\/p>\n\n\n\n<p>Ao destacar os investimentos no programa, que somam R$ 739 milh\u00f5es, entre 2019 e 2026, com 56 mil benefici\u00e1rios no per\u00edodo em 240 munic\u00edpios goianos, Caiado garantiu que fez um governo respeitado pelas pessoas. \u201cCuidamos do dinheiro p\u00fablico, aplicamos corretamente e o resultado \u00e9 que temos a melhor qualidade de vida com educa\u00e7\u00e3o, seguran\u00e7a e programas sociais\u201d, garantiu. Aos novos beneficiados, o governador deu uma dica: \u201cN\u00f3s temos hoje 56 mil jovens que j\u00e1 passaram por essa condi\u00e7\u00e3o que voc\u00eas est\u00e3o passando hoje. Aproveitem, agarrem a profiss\u00e3o de voc\u00eas\u201d, incentivou.<\/p>\n\n\n\n<p>Das cinco mil bolsas disponibilizadas, o programa contemplou 1.250 integrais e 3.750 parciais. Do total de vagas, 500 s\u00e3o destinadas a cursos das \u00e1reas de Ci\u00eancias, Tecnologia, Engenharia e Matem\u00e1tica, consideradas estrat\u00e9gicas para o desenvolvimento econ\u00f4mico e social. Os contemplados recebem o benef\u00edcio a partir da matr\u00edcula deste semestre e, caso o aluno j\u00e1 tenha arcado com os custos da matr\u00edcula, poder\u00e1 solicitar o reembolso \u00e0 faculdade.<\/p>\n\n\n\n<p>Segundo Gracinha Caiado, o Goi\u00e1s Social trabalha com tr\u00eas eixos: protetivo, emergencial e emancipat\u00f3rio, onde est\u00e1 o Probem. \u201cS\u00f3 tem uma coisa que muda a vida: a educa\u00e7\u00e3o e o estudo. E poder dar essa oportunidade a voc\u00eas, por meio do governo do estado, acomoda meu cora\u00e7\u00e3o. O ProBem \u00e9 mais do que uma bolsa de estudo, \u00e9 esperan\u00e7a para transformar vidas\u201d, assegurou a primeira-dama. \u201cAjuda a mudar hist\u00f3rias e abre caminhos para um futuro melhor, de novas oportunidades e vida diferente\u201d, acrescentou.<\/p>\n\n\n\n<p>O vice-governador Daniel Vilela refor\u00e7ou um novo est\u00edmulo aos bolsistas: a sele\u00e7\u00e3o semestral de 20 alunos para interc\u00e2mbio na Austr\u00e1lia, com sele\u00e7\u00e3o por desempenho acad\u00eamico como requisito. Vilela fez quest\u00e3o de enaltecer a atua\u00e7\u00e3o de Caiado e Gracinha, com a regulariza\u00e7\u00e3o da concess\u00e3o de bolsas, porque no in\u00edcio desta gest\u00e3o o programa tinha d\u00edvidas milion\u00e1rias do governo anterior. \u201cMas hoje eles t\u00eam consci\u00eancia tranquila e o dever cumprido. Est\u00e3o de alma lavada porque sabem que impactaram o estado e promoveram uma profunda transforma\u00e7\u00e3o na vida dos goianos\u201d, afirmou.<\/p>\n\n\n\n<p>Transpar\u00eancia<br>Os avan\u00e7os no Probem, com crit\u00e9rios t\u00e9cnicos e transpar\u00eancia, foram destacados pela diretora-geral da OVG, Adryanna Caiado. A iniciativa, segundo ela, gera mudan\u00e7a concreta na vida de benefici\u00e1rios e familiares. \u201c\u00c9 um programa que contribui para aumento da renda e futuro mais promissor aos estudantes. \u00c9 resultado de um trabalho transformador pelo Governo de Goi\u00e1s nos \u00faltimos sete anos, marcado pela amplia\u00e7\u00e3o das pol\u00edticas p\u00fablicas, fortalecimento das a\u00e7\u00f5es sociais e cuidado com quem mais precisa de apoio\u201d, afirmou.<\/p>\n\n\n\n<p>O acad\u00eamico Tales Bruno, que est\u00e1 no terceiro per\u00edodo de odontologia, fez um relato emocionante sobre a conquista da bolsa. Filho de garimpeiros, disse que quase acreditou que o sonho era grande demais para sua realidade. \u201cAo ver o Probem nasceu algo em mim que estava perdendo: a esperan\u00e7a. N\u00e3o recebi apenas uma bolsa, mas a resposta que meu sonho poderia continuar vivo. O Probem n\u00e3o \u00e9 s\u00f3 aux\u00edlio financeiro, \u00e9 mudan\u00e7a social, que prova que jovens humildes podem alcan\u00e7ar lugares que parecem imposs\u00edveis para nossa realidade\u201d, garantiu.<\/p>\n\n\n\n<p>Feira<br>Al\u00e9m da cerim\u00f4nia de inclus\u00e3o dos novos bolsistas, o evento tamb\u00e9m contou com a segunda edi\u00e7\u00e3o da Feira de Oportunidades do ProBem. A iniciativa reuniu institui\u00e7\u00f5es p\u00fablicas, empresas privadas e \u00f3rg\u00e3os do Governo de Goi\u00e1s com oportunidades abertas exclusivamente para benefici\u00e1rios do programa. As oportunidades s\u00e3o voltadas tanto para estudantes que est\u00e3o iniciando a gradua\u00e7\u00e3o quanto para rec\u00e9m-formados, com vagas de est\u00e1gios e posi\u00e7\u00f5es efetivas no mercado de trabalho.<\/p>\n\n\n\n<p>ProBem<br>Criado pelo Governo de Goi\u00e1s, o Programa Universit\u00e1rio do Bem tem como objetivo ampliar o acesso e garantir a perman\u00eancia de jovens em situa\u00e7\u00e3o de vulnerabilidade no ensino superior. A iniciativa integra as a\u00e7\u00f5es do Goi\u00e1s Social, coordenado pela primeira-dama Gracinha Caiado, e visa \u00e0 promo\u00e7\u00e3o da inclus\u00e3o social e \u00e0 amplia\u00e7\u00e3o de oportunidades para fam\u00edlias carentes no estado. Al\u00e9m das bolsas de estudo, a iniciativa oferece cursos de capacita\u00e7\u00e3o, participa\u00e7\u00e3o em projetos sociais e oportunidades de inser\u00e7\u00e3o no mercado de trabalho.<\/p>\n\n\n\n<p>Fotos: J\u00fanior Guimar\u00e3es, Hegon Correa, Walter Folador e Diego Canedo<\/p>\n\n\n\n<p>Legenda: Caiado, Gracinha e Daniel Vilela recepciona novos bolsistas do Probem, que desde 2019 j\u00e1 beneficiou 56 mil estudantes<\/p>\n\n\n\n<p>Secretaria de Comunica\u00e7\u00e3o \u2013 Governo de Goi\u00e1s<\/p>\n","protected":false},"excerpt":{"rendered":"<p>Programa contempla nesta edi\u00e7\u00e3o estudantes universit\u00e1rios com 1.250 bolsas integrais e 3.750 parciais. Desde 2019, o Governo de Goi\u00e1s fez investimentos de quase R$ 800 milh\u00f5es na iniciativa O governador Ronaldo Caiado, a coordenadora do Goi\u00e1s Social e presidente de honra da Organiza\u00e7\u00e3o das Volunt\u00e1rios de Goi\u00e1s (OVG), primeira-dama Gracinha Caiado, e o vice-governador Daniel Vilela recepcionaram nesta ter\u00e7a-feira (10\/3) os novos alunos benefici\u00e1rios do Programa Universit\u00e1rio do Bem (ProBem). A cerim\u00f4nia carregada de emo\u00e7\u00e3o marcou a assinatura do termo de ades\u00e3o dos 5 mil novos estudantes contemplados no semestre 2026\/1. Ao destacar os investimentos no programa, que somam R$ 739 milh\u00f5es, entre 2019 e 2026, com 56 mil benefici\u00e1rios no per\u00edodo em 240 munic\u00edpios goianos, Caiado garantiu que fez um governo respeitado pelas pessoas. \u201cCuidamos do dinheiro p\u00fablico, aplicamos corretamente e o resultado \u00e9 que temos a melhor qualidade de vida com educa\u00e7\u00e3o, seguran\u00e7a e programas sociais\u201d, garantiu. Aos novos beneficiados, o governador deu uma dica: \u201cN\u00f3s temos hoje 56 mil jovens que j\u00e1 passaram por essa condi\u00e7\u00e3o que voc\u00eas est\u00e3o passando hoje. Aproveitem, agarrem a profiss\u00e3o de voc\u00eas\u201d, incentivou. Das cinco mil bolsas disponibilizadas, o programa contemplou 1.250 integrais e 3.750 parciais. Do total de vagas, 500 s\u00e3o destinadas a cursos das \u00e1reas de Ci\u00eancias, Tecnologia, Engenharia e Matem\u00e1tica, consideradas estrat\u00e9gicas para o desenvolvimento econ\u00f4mico e social. Os contemplados recebem o benef\u00edcio a partir da matr\u00edcula deste semestre e, caso o aluno j\u00e1 tenha arcado com os custos da matr\u00edcula, poder\u00e1 solicitar o reembolso \u00e0 faculdade. Segundo Gracinha Caiado, o Goi\u00e1s Social trabalha com tr\u00eas eixos: protetivo, emergencial e emancipat\u00f3rio, onde est\u00e1 o Probem. \u201cS\u00f3 tem uma coisa que muda a vida: a educa\u00e7\u00e3o e o estudo. E poder dar essa oportunidade a voc\u00eas, por meio do governo do estado, acomoda meu cora\u00e7\u00e3o. O ProBem \u00e9 mais do que uma bolsa de estudo, \u00e9 esperan\u00e7a para transformar vidas\u201d, assegurou a primeira-dama. \u201cAjuda a mudar hist\u00f3rias e abre caminhos para um futuro melhor, de novas oportunidades e vida diferente\u201d, acrescentou. O vice-governador Daniel Vilela refor\u00e7ou um novo est\u00edmulo aos bolsistas: a sele\u00e7\u00e3o semestral de 20 alunos para interc\u00e2mbio na Austr\u00e1lia, com sele\u00e7\u00e3o por desempenho acad\u00eamico como requisito. Vilela fez quest\u00e3o de enaltecer a atua\u00e7\u00e3o de Caiado e Gracinha, com a regulariza\u00e7\u00e3o da concess\u00e3o de bolsas, porque no in\u00edcio desta gest\u00e3o o programa tinha d\u00edvidas milion\u00e1rias do governo anterior. \u201cMas hoje eles t\u00eam consci\u00eancia tranquila e o dever cumprido. Est\u00e3o de alma lavada porque sabem que impactaram o estado e promoveram uma profunda transforma\u00e7\u00e3o na vida dos goianos\u201d, afirmou. Transpar\u00eanciaOs avan\u00e7os no Probem, com crit\u00e9rios t\u00e9cnicos e transpar\u00eancia, foram destacados pela diretora-geral da OVG, Adryanna Caiado. A iniciativa, segundo ela, gera mudan\u00e7a concreta na vida de benefici\u00e1rios e familiares. \u201c\u00c9 um programa que contribui para aumento da renda e futuro mais promissor aos estudantes. \u00c9 resultado de um trabalho transformador pelo Governo de Goi\u00e1s nos \u00faltimos sete anos, marcado pela amplia\u00e7\u00e3o das pol\u00edticas p\u00fablicas, fortalecimento das a\u00e7\u00f5es sociais e cuidado com quem mais precisa de apoio\u201d, afirmou. O acad\u00eamico Tales Bruno, que est\u00e1 no terceiro per\u00edodo de odontologia, fez um relato emocionante sobre a conquista da bolsa. Filho de garimpeiros, disse que quase acreditou que o sonho era grande demais para sua realidade. \u201cAo ver o Probem nasceu algo em mim que estava perdendo: a esperan\u00e7a. N\u00e3o recebi apenas uma bolsa, mas a resposta que meu sonho poderia continuar vivo. O Probem n\u00e3o \u00e9 s\u00f3 aux\u00edlio financeiro, \u00e9 mudan\u00e7a social, que prova que jovens humildes podem alcan\u00e7ar lugares que parecem imposs\u00edveis para nossa realidade\u201d, garantiu. FeiraAl\u00e9m da cerim\u00f4nia de inclus\u00e3o dos novos bolsistas, o evento tamb\u00e9m contou com a segunda edi\u00e7\u00e3o da Feira de Oportunidades do ProBem. A iniciativa reuniu institui\u00e7\u00f5es p\u00fablicas, empresas privadas e \u00f3rg\u00e3os do Governo de Goi\u00e1s com oportunidades abertas exclusivamente para benefici\u00e1rios do programa. As oportunidades s\u00e3o voltadas tanto para estudantes que est\u00e3o iniciando a gradua\u00e7\u00e3o quanto para rec\u00e9m-formados, com vagas de est\u00e1gios e posi\u00e7\u00f5es efetivas no mercado de trabalho. ProBemCriado pelo Governo de Goi\u00e1s, o Programa Universit\u00e1rio do Bem tem como objetivo ampliar o acesso e garantir a perman\u00eancia de jovens em situa\u00e7\u00e3o de vulnerabilidade no ensino superior. A iniciativa integra as a\u00e7\u00f5es do Goi\u00e1s Social, coordenado pela primeira-dama Gracinha Caiado, e visa \u00e0 promo\u00e7\u00e3o da inclus\u00e3o social e \u00e0 amplia\u00e7\u00e3o de oportunidades para fam\u00edlias carentes no estado. Al\u00e9m das bolsas de estudo, a iniciativa oferece cursos de capacita\u00e7\u00e3o, participa\u00e7\u00e3o em projetos sociais e oportunidades de inser\u00e7\u00e3o no mercado de trabalho. Fotos: J\u00fanior Guimar\u00e3es, Hegon Correa, Walter Folador e Diego Canedo Legenda: Caiado, Gracinha e Daniel Vilela recepciona novos bolsistas do Probem, que desde 2019 j\u00e1 beneficiou 56 mil estudantes Secretaria de Comunica\u00e7\u00e3o \u2013 Governo de Goi\u00e1s<\/p>\n","protected":false},"author":2,"featured_media":8545,"comment_status":"open","ping_status":"open","sticky":false,"template":"","format":"standard","meta":{"footnotes":""},"categories":[28],"tags":[],"class_list":["post-8544","post","type-post","status-publish","format-standard","has-post-thumbnail","hentry","category-jornal"],"_links":{"self":[{"href":"https:\/\/deolhonosocial.com.br\/index.php\/wp-json\/wp\/v2\/posts\/8544","targetHints":{"allow":["GET"]}}],"collection":[{"href":"https:\/\/deolhonosocial.com.br\/index.php\/wp-json\/wp\/v2\/posts"}],"about":[{"href":"https:\/\/deolhonosocial.com.br\/index.php\/wp-json\/wp\/v2\/types\/post"}],"author":[{"embeddable":true,"href":"https:\/\/deolhonosocial.com.br\/index.php\/wp-json\/wp\/v2\/users\/2"}],"replies":[{"embeddable":true,"href":"https:\/\/deolhonosocial.com.br\/index.php\/wp-json\/wp\/v2\/comments?post=8544"}],"version-history":[{"count":1,"href":"https:\/\/deolhonosocial.com.br\/index.php\/wp-json\/wp\/v2\/posts\/8544\/revisions"}],"predecessor-version":[{"id":8546,"href":"https:\/\/deolhonosocial.com.br\/index.php\/wp-json\/wp\/v2\/posts\/8544\/revisions\/8546"}],"wp:featuredmedia":[{"embeddable":true,"href":"https:\/\/deolhonosocial.com.br\/index.php\/wp-json\/wp\/v2\/media\/8545"}],"wp:attachment":[{"href":"https:\/\/deolhonosocial.com.br\/index.php\/wp-json\/wp\/v2\/media?parent=8544"}],"wp:term":[{"taxonomy":"category","embeddable":true,"href":"https:\/\/deolhonosocial.com.br\/index.php\/wp-json\/wp\/v2\/categories?post=8544"},{"taxonomy":"post_tag","embeddable":true,"href":"https:\/\/deolhonosocial.com.br\/index.php\/wp-json\/wp\/v2\/tags?post=8544"}],"curies":[{"name":"wp","href":"https:\/\/api.w.org\/{rel}","templated":true}]}}